{"id":42213,"date":"2022-04-24T11:17:19","date_gmt":"2022-04-24T15:17:19","guid":{"rendered":"https:\/\/inces.gob.ve\/?p=42213"},"modified":"2022-04-24T11:17:19","modified_gmt":"2022-04-24T15:17:19","slug":"barinas-integrantes-del-movimiento-emprendedor-venezuela-acreditan-sus-saberes-con-el-inces","status":"publish","type":"post","link":"https:\/\/inces.gob.ve\/index.php\/2022\/04\/24\/barinas-integrantes-del-movimiento-emprendedor-venezuela-acreditan-sus-saberes-con-el-inces\/","title":{"rendered":"BARINAS | Integrantes del Movimiento Emprendedor Venezuela acreditan sus saberes con el Inces"},"content":{"rendered":"<p style=\"text-align: justify;\"><span style=\"font-size: 14pt;\"><strong><em>** La formaci\u00f3n t\u00e9cnico productiva y el reconocimiento de un saber emp\u00edrico en respaldo de las pol\u00edticas de Estado<\/em><\/strong><!--more--><\/span><\/p>\n<p style=\"text-align: justify;\"><span style=\"font-size: 14pt;\"><strong>\u00a0<\/strong><\/span><\/p>\n<p style=\"text-align: justify;\"><span style=\"font-size: 14pt;\"><strong>HIRASYANEL BAYONA <\/strong><\/span><\/p>\n<p style=\"text-align: justify;\"><span style=\"font-size: 14pt;\">En un sencillo pero significativo acto, integrantes del Movimiento Emprendedor Venezuela Barinas recibieron del Inces regional la constancia de certificaci\u00f3n de saberes, misma que los acredita en una ocupaci\u00f3n t\u00e9cnica productiva.<\/span><\/p>\n<p style=\"text-align: justify;\">\n<p style=\"text-align: justify;\"><span style=\"font-size: 14pt;\">La actividad tuvo lugar en las instalaciones del Inces sede regional, y se cont\u00f3 con la asistencia de la coordinadora de finanzas del Movimiento Emprender juntos, Laura Laguna; el impulsor de la Ley al emprendimiento, Ender D\u00e1vila; la coordinadora del Movimiento Emprendedor Venezuela Barinas, Yaneth Moreno, la representante de Inapymi, Yenny Rodr\u00edguez; el vocero de la alcald\u00eda del municipio Barinas, Eli L\u00f3pez, el coordinador de Atenci\u00f3n Integral al Participante, Antonio Gonz\u00e1lez y el gerente regional del Inces, \u00c1lvaro Oviedo, todos acompa\u00f1ados por un gran grupo de emprendedores y emprendedoras de ambos movimientos, que realizaron a su vez una hermosa expoferia que daba muestra de sus diversos talentos en variados oficios productivos.<\/span><\/p>\n<p style=\"text-align: justify;\">\n<p style=\"text-align: justify;\"><span style=\"font-size: 14pt;\">Antonio Gonz\u00e1lez, responsable de la organizaci\u00f3n de la actividad y de las jornadas de certificaci\u00f3n de saberes en las comunidades, inherentes a esta \u00e1rea de emprendimiento, explic\u00f3 que entre los expositores se encontraban presentes, adem\u00e1s de quienes recibir\u00edan sus constancias, un sustancial grupo que participar\u00eda durante el acto\u00a0 de certificaci\u00f3n de saberes, mismo que colabor\u00f3 von las maestras t\u00e9cnicas productivas Tabata Rom\u00e1n, Yasmin Canelo, Celina Humbria y el supervisor administrativo por el \u00e1rea agr\u00edcola Jairo \u00c1vila, quienes certificaron oficios como Reposter\u00eda, Panader\u00eda, Comida Criolla, Elaboraci\u00f3n de Pasapalos, Procesador de Cacao, Tejido, Elaboraci\u00f3n de Mu\u00f1ecas, Elaboraci\u00f3n de Uniformes Escolares, entre otros, de los que hab\u00eda una excelente y representativa muestra productiva.<\/span><\/p>\n<p style=\"text-align: justify;\">\n<p style=\"text-align: justify;\"><span style=\"font-size: 14pt;\">Asimismo, el gerente institucional, \u00c1lvaro Oviedo, dirigi\u00f3 palabras a los presentes felicit\u00e1ndolos por sus iniciativas de emprendimiento, y dejando de manifiesto el total apoyo con formaciones y jornadas de certificaci\u00f3n que el Inces est\u00e1 dispuesto a seguir prestando a la ciudadan\u00eda, con el fin de que les sirva de aval y puedan seguir fortaleciendo su camino en busca de consolidar un medio de producci\u00f3n sostenible.<\/span><\/p>\n","protected":false},"excerpt":{"rendered":"<p>** La formaci\u00f3n t\u00e9cnico productiva y el reconocimiento de un saber emp\u00edrico en respaldo de las pol\u00edticas de Estado<\/p>\n","protected":false},"author":4,"featured_media":42214,"comment_status":"closed","ping_status":"closed","sticky":false,"template":"","format":"standard","meta":{"footnotes":""},"categories":[2],"tags":[],"class_list":["post-42213","post","type-post","status-publish","format-standard","has-post-thumbnail","hentry","category-blog"],"_links":{"self":[{"href":"https:\/\/inces.gob.ve\/index.php\/wp-json\/wp\/v2\/posts\/42213","targetHints":{"allow":["GET"]}}],"collection":[{"href":"https:\/\/inces.gob.ve\/index.php\/wp-json\/wp\/v2\/posts"}],"about":[{"href":"https:\/\/inces.gob.ve\/index.php\/wp-json\/wp\/v2\/types\/post"}],"author":[{"embeddable":true,"href":"https:\/\/inces.gob.ve\/index.php\/wp-json\/wp\/v2\/users\/4"}],"replies":[{"embeddable":true,"href":"https:\/\/inces.gob.ve\/index.php\/wp-json\/wp\/v2\/comments?post=42213"}],"version-history":[{"count":1,"href":"https:\/\/inces.gob.ve\/index.php\/wp-json\/wp\/v2\/posts\/42213\/revisions"}],"predecessor-version":[{"id":42215,"href":"https:\/\/inces.gob.ve\/index.php\/wp-json\/wp\/v2\/posts\/42213\/revisions\/42215"}],"wp:featuredmedia":[{"embeddable":true,"href":"https:\/\/inces.gob.ve\/index.php\/wp-json\/wp\/v2\/media\/42214"}],"wp:attachment":[{"href":"https:\/\/inces.gob.ve\/index.php\/wp-json\/wp\/v2\/media?parent=42213"}],"wp:term":[{"taxonomy":"category","embeddable":true,"href":"https:\/\/inces.gob.ve\/index.php\/wp-json\/wp\/v2\/categories?post=42213"},{"taxonomy":"post_tag","embeddable":true,"href":"https:\/\/inces.gob.ve\/index.php\/wp-json\/wp\/v2\/tags?post=42213"}],"curies":[{"name":"wp","href":"https:\/\/api.w.org\/{rel}","templated":true}]}}