{"id":42274,"date":"2022-05-01T08:22:17","date_gmt":"2022-05-01T12:22:17","guid":{"rendered":"https:\/\/inces.gob.ve\/?p=42274"},"modified":"2022-05-01T08:22:17","modified_gmt":"2022-05-01T12:22:17","slug":"amazonas-inces-inaugurara-centro-de-informatica","status":"publish","type":"post","link":"https:\/\/inces.gob.ve\/index.php\/2022\/05\/01\/amazonas-inces-inaugurara-centro-de-informatica\/","title":{"rendered":"AMAZONAS | Inces\u00a0 inaugurar\u00e1 centro de inform\u00e1tica"},"content":{"rendered":"<p><em><strong><span style=\"font-size: 14pt;\">** Futuros bachilleres y comunidad en general se ver\u00e1n beneficiados con el laboratorio inform\u00e1tico<\/span><\/strong><\/em><!--more--><\/p>\n<p>&nbsp;<\/p>\n<p style=\"text-align: justify;\"><span style=\"font-size: 14pt;\">El Instituto Nacional de Capacitaci\u00f3n y Educaci\u00f3n Socialista (Inces), en alianza con la Fundaci\u00f3n Bolivariana de Inform\u00e1tica y Telem\u00e1tica, inaugurar\u00e1 en los pr\u00f3ximos d\u00edas un CBIT (Centro Bolivariano de Inform\u00e1tica y Telem\u00e1tica) en el estado Amazonas.<\/span><\/p>\n<p>&nbsp;<\/p>\n<p style=\"text-align: justify;\"><span style=\"font-size: 14pt;\">El referido laboratorio tecnol\u00f3gico cuenta con 16 computadoras y mobiliario nuevo, as\u00ed como con salones equipados con aire acondicionado. Adicionlamene, y gracias al trabajo de la CANTV, tambi\u00e9n se contar\u00e1 con servicio de internet para este espacio de formaci\u00f3n ubicado en el Centro de Formaci\u00f3n Socialista (CFS) Casique Aramare.<\/span><\/p>\n<p><img loading=\"lazy\" decoding=\"async\" class=\"aligncenter wp-image-42275 size-large\" src=\"https:\/\/inces.gob.ve\/wp-content\/uploads\/2022\/05\/photo5123053372130306847-1024x768.jpg\" alt=\"\" width=\"640\" height=\"480\" srcset=\"https:\/\/inces.gob.ve\/wp-content\/uploads\/2022\/05\/photo5123053372130306847-1024x768.jpg 1024w, https:\/\/inces.gob.ve\/wp-content\/uploads\/2022\/05\/photo5123053372130306847-300x225.jpg 300w, https:\/\/inces.gob.ve\/wp-content\/uploads\/2022\/05\/photo5123053372130306847-768x576.jpg 768w, https:\/\/inces.gob.ve\/wp-content\/uploads\/2022\/05\/photo5123053372130306847-136x102.jpg 136w, https:\/\/inces.gob.ve\/wp-content\/uploads\/2022\/05\/photo5123053372130306847.jpg 1280w\" sizes=\"auto, (max-width: 640px) 100vw, 640px\" \/><\/p>\n<p style=\"text-align: justify;\"><span style=\"font-size: 14pt;\">La gerente regional del Inces Amazonas, Adriana Medina, explic\u00f3 que el CBIT ser\u00e1 un espacio destinado a socializar conocimientos en el \u00e1rea de la inform\u00e1tica. \u201cTras la inauguraci\u00f3n de este espacio, se prev\u00e9 el arranque de una primera formaci\u00f3n, bajo el sistema operativo Linux (Software Libre), espec\u00edfico.<\/span><\/p>\n<p>&nbsp;<\/p>\n<p style=\"text-align: justify;\"><span style=\"font-size: 14pt;\">Medina enfatiz\u00f3 que el espacio ser\u00e1 estrenado por 16 participantes de 5to A\u00f1o de bachillerato, de la Escuela Madre Candelaria, instituci\u00f3n que se ubica en el punto y c\u00edrculo del Inces\u201d.<\/span><\/p>\n<p>&nbsp;<\/p>\n<p style=\"text-align: justify;\"><span style=\"font-size: 14pt;\">Al respecto, la coordinadora de FUNDABIT en el estado Amazonas, Keneima Porra, manifest\u00f3 que este trabajo que se realiza en conjunto con el Inces, \u201cda fiel cumplimento a las orientaciones de la ministra del Poder Popular para la Educaci\u00f3n (MPPE), Yelitze Santaella, y del presidente de la Rep\u00fablica, Nicol\u00e1s Maduro, quienes constantemente invitan a fortalecer espacios para que nuestro pueblo tenga acceso al uso de las Tecnolog\u00edas de la Informaci\u00f3n y la Comunicaci\u00f3n\u201d, dijo.<\/span><\/p>\n<p>&nbsp;<\/p>\n<p style=\"text-align: justify;\"><span style=\"font-size: 14pt;\">La invitaci\u00f3n para aprender una ocupaci\u00f3n productiva en el Inces est\u00e1 abierta a la poblaci\u00f3n en general, a las entidades educativas y de trabajo, a las comunidades del punto y c\u00edrculo de la instituci\u00f3n y dem\u00e1s \u00e1mbitos que requieran de formaci\u00f3n t\u00e9cnica profesional.<\/span><\/p>\n<p>&nbsp;<\/p>\n<p style=\"text-align: justify;\"><span style=\"font-size: 14pt;\">Para cerrar, la gerente regional de la casa formativa en Amazonas indic\u00f3 que esta acci\u00f3n se corresponde con una de las l\u00edneas estrat\u00e9gicas que aplica el Inces este 2022 y que tiene que ver con la formaci\u00f3n dentro de las escuelas y liceos.<\/span><\/p>\n","protected":false},"excerpt":{"rendered":"<p>** Futuros bachilleres y comunidad en general se ver\u00e1n beneficiados con el laboratorio inform\u00e1tico<\/p>\n","protected":false},"author":4,"featured_media":42276,"comment_status":"closed","ping_status":"closed","sticky":false,"template":"","format":"standard","meta":{"footnotes":""},"categories":[2],"tags":[],"class_list":["post-42274","post","type-post","status-publish","format-standard","has-post-thumbnail","hentry","category-blog"],"_links":{"self":[{"href":"https:\/\/inces.gob.ve\/index.php\/wp-json\/wp\/v2\/posts\/42274","targetHints":{"allow":["GET"]}}],"collection":[{"href":"https:\/\/inces.gob.ve\/index.php\/wp-json\/wp\/v2\/posts"}],"about":[{"href":"https:\/\/inces.gob.ve\/index.php\/wp-json\/wp\/v2\/types\/post"}],"author":[{"embeddable":true,"href":"https:\/\/inces.gob.ve\/index.php\/wp-json\/wp\/v2\/users\/4"}],"replies":[{"embeddable":true,"href":"https:\/\/inces.gob.ve\/index.php\/wp-json\/wp\/v2\/comments?post=42274"}],"version-history":[{"count":1,"href":"https:\/\/inces.gob.ve\/index.php\/wp-json\/wp\/v2\/posts\/42274\/revisions"}],"predecessor-version":[{"id":42277,"href":"https:\/\/inces.gob.ve\/index.php\/wp-json\/wp\/v2\/posts\/42274\/revisions\/42277"}],"wp:featuredmedia":[{"embeddable":true,"href":"https:\/\/inces.gob.ve\/index.php\/wp-json\/wp\/v2\/media\/42276"}],"wp:attachment":[{"href":"https:\/\/inces.gob.ve\/index.php\/wp-json\/wp\/v2\/media?parent=42274"}],"wp:term":[{"taxonomy":"category","embeddable":true,"href":"https:\/\/inces.gob.ve\/index.php\/wp-json\/wp\/v2\/categories?post=42274"},{"taxonomy":"post_tag","embeddable":true,"href":"https:\/\/inces.gob.ve\/index.php\/wp-json\/wp\/v2\/tags?post=42274"}],"curies":[{"name":"wp","href":"https:\/\/api.w.org\/{rel}","templated":true}]}}