{"id":42316,"date":"2022-05-03T10:13:21","date_gmt":"2022-05-03T14:13:21","guid":{"rendered":"https:\/\/inces.gob.ve\/?p=42316"},"modified":"2022-05-03T10:13:53","modified_gmt":"2022-05-03T14:13:53","slug":"falcon-inces-entrego-dotacion-de-mesas-sillas-escolares-a-zona-educativa","status":"publish","type":"post","link":"https:\/\/inces.gob.ve\/index.php\/2022\/05\/03\/falcon-inces-entrego-dotacion-de-mesas-sillas-escolares-a-zona-educativa\/","title":{"rendered":"FALC\u00d3N | Inces entreg\u00f3 dotaci\u00f3n de mesas sillas escolares a Zona Educativa"},"content":{"rendered":"<p><span style=\"font-size: 14pt;\"><span style=\"color: #000000;\"><span style=\"font-family: Georgia,serif;\"><i><b>**Como parte de las acciones que se adelantan del Plan Nacional de Fabricaci\u00f3n y Recuperaci\u00f3n en vinculaci\u00f3n con la Fundaci\u00f3n de Edificaciones y Dotaciones Educativas<\/b><\/i><\/span><\/span><!--more--><\/span><\/p>\n<p><span style=\"color: #000000; font-size: 14pt;\">\u00a0<\/span><\/p>\n<p style=\"text-align: justify;\"><span style=\"color: #000000; font-size: 14pt;\"><span style=\"font-family: Georgia,serif;\"><b>M\u00cdRIAM GONZ\u00c1LEZ VILLARROEL<\/b><\/span><\/span><\/p>\n<p style=\"text-align: justify;\"><span style=\"color: #000000; font-size: 14pt;\"><span style=\"font-family: Georgia,serif;\">El Instituto Nacional de Capacitaci\u00f3n y Educaci\u00f3n Socialista (Inces) en Falc\u00f3n, gerenciado por Eneyda Mart\u00ednez Rodr\u00edguez, realiz\u00f3 una importante entrega contentiva de 90 kits de Mesas Sillas Escolares a la autoridad \u00fanica en educaci\u00f3n, Marelys Castro, para que a trav\u00e9s de la Zona Educativa sean consignados a la Unidad Educativa \u00abLucas Adames\u00bb en Coro, para aportar al desarrollo de los procesos educativos en este centro educativo ubicado en el municipio Miranda.<\/span><\/span><\/p>\n<p style=\"text-align: justify;\"><span style=\"font-size: 14pt;\"><span style=\"color: #000000;\">\u00a0<\/span><span style=\"color: #000000;\"><span style=\"font-family: Georgia,serif;\">Es importante destacar que esta entrega que se realiz\u00f3 en el centro de formaci\u00f3n socialista (CFS) construcci\u00f3n \u00abFrancisco de Miranda\u00bb en Punto Fijo, se efectu\u00f3 gracias a las brigadas del CFS Industrial \u00abAl\u00ed Primera\u00bb y al CFS Construcci\u00f3n, en los cuales se fabricaron las estructuras met\u00e1licas de las mesas y sillas y\u00a0 el ensamblaje de las maderas que fueron aportadas por la Fundaci\u00f3n de Edificaciones y Dotaciones Educativas (Fede), respectivamente.<\/span><\/span><\/span><\/p>\n<p style=\"text-align: justify;\"><span style=\"font-size: 14pt;\"><span style=\"color: #000000;\">\u00a0<\/span><span style=\"color: #000000;\"><span style=\"font-family: Georgia,serif;\">Tambi\u00e9n es importante resaltar que el trabajo de fabricaci\u00f3n estuvo a cargo de los participantes de las ocupaciones productivas: Herrer\u00eda, Soldadura, Carpinter\u00eda\u00a0 e igualmente,\u00a0 culminadas en su totalidad, por los aprendices de las brigadas del Programa Nacional de Aprendizaje (PNA).<\/span><\/span><\/span><\/p>\n<p style=\"text-align: justify;\"><span style=\"font-size: 14pt;\"><span style=\"color: #000000;\">\u00a0<\/span><span style=\"color: #000000;\"><span style=\"font-family: Georgia,serif;\">Estos j\u00f3venes, tanto participantes como ap\u00e9ndices, estuvieron dirigidos durante el proceso de construcci\u00f3n por el talento t\u00e9cnico de sus maestros, aboc\u00e1ndose a la fabricaci\u00f3n de mesas sillas escolares con el firme prop\u00f3sito de dar un aporte al \u00e1mbito educativo en la regi\u00f3n, \u00abFormaci\u00f3n productiva de Mesas Sillas Escolares que se fabricaron bajo la visi\u00f3n de formar produciendo y de producir formando\u00bb.<\/span><\/span><\/span><\/p>\n","protected":false},"excerpt":{"rendered":"<p>**Como parte de las acciones que se adelantan del Plan Nacional de Fabricaci\u00f3n y Recuperaci\u00f3n en vinculaci\u00f3n con la Fundaci\u00f3n de Edificaciones y Dotaciones Educativas<\/p>\n","protected":false},"author":4,"featured_media":42317,"comment_status":"closed","ping_status":"closed","sticky":false,"template":"","format":"standard","meta":{"footnotes":""},"categories":[2],"tags":[],"class_list":["post-42316","post","type-post","status-publish","format-standard","has-post-thumbnail","hentry","category-blog"],"_links":{"self":[{"href":"https:\/\/inces.gob.ve\/index.php\/wp-json\/wp\/v2\/posts\/42316","targetHints":{"allow":["GET"]}}],"collection":[{"href":"https:\/\/inces.gob.ve\/index.php\/wp-json\/wp\/v2\/posts"}],"about":[{"href":"https:\/\/inces.gob.ve\/index.php\/wp-json\/wp\/v2\/types\/post"}],"author":[{"embeddable":true,"href":"https:\/\/inces.gob.ve\/index.php\/wp-json\/wp\/v2\/users\/4"}],"replies":[{"embeddable":true,"href":"https:\/\/inces.gob.ve\/index.php\/wp-json\/wp\/v2\/comments?post=42316"}],"version-history":[{"count":1,"href":"https:\/\/inces.gob.ve\/index.php\/wp-json\/wp\/v2\/posts\/42316\/revisions"}],"predecessor-version":[{"id":42318,"href":"https:\/\/inces.gob.ve\/index.php\/wp-json\/wp\/v2\/posts\/42316\/revisions\/42318"}],"wp:featuredmedia":[{"embeddable":true,"href":"https:\/\/inces.gob.ve\/index.php\/wp-json\/wp\/v2\/media\/42317"}],"wp:attachment":[{"href":"https:\/\/inces.gob.ve\/index.php\/wp-json\/wp\/v2\/media?parent=42316"}],"wp:term":[{"taxonomy":"category","embeddable":true,"href":"https:\/\/inces.gob.ve\/index.php\/wp-json\/wp\/v2\/categories?post=42316"},{"taxonomy":"post_tag","embeddable":true,"href":"https:\/\/inces.gob.ve\/index.php\/wp-json\/wp\/v2\/tags?post=42316"}],"curies":[{"name":"wp","href":"https:\/\/api.w.org\/{rel}","templated":true}]}}