{"id":42439,"date":"2022-03-30T09:36:30","date_gmt":"2022-03-30T13:36:30","guid":{"rendered":"https:\/\/inces.gob.ve\/?p=42439"},"modified":"2022-05-05T09:43:55","modified_gmt":"2022-05-05T13:43:55","slug":"aragua-inces-realizo-socializacion-y-acreditacion-de-saberes-desde-la-uea","status":"publish","type":"post","link":"https:\/\/inces.gob.ve\/index.php\/2022\/03\/30\/aragua-inces-realizo-socializacion-y-acreditacion-de-saberes-desde-la-uea\/","title":{"rendered":"ARAGUA | Inces realiz\u00f3 socializaci\u00f3n y acreditaci\u00f3n de saberes desde la UEA"},"content":{"rendered":"<p style=\"text-align: justify;\"><em><span style=\"font-family: ARial, sans-serif;\"><b>** Con el reconocimiento de los saberes se impuls\u00f3 a Senifa, brindando nuevas oportunidades de superaci\u00f3n a sus trabajadores por medio del bachillerato desde el ambiente La Romana con 15 participantes<\/b><\/span><\/em><!--more--><\/p>\n<p style=\"text-align: justify;\">\n<p style=\"text-align: justify;\"><span style=\"font-family: ARial, sans-serif;\"><span><b>NINOSKA PATRIZ\u00a0<\/b><\/span><\/span><\/p>\n<p style=\"text-align: justify;\"><span style=\"font-family: ARial, sans-serif;\">El gerente general del Inces Regi\u00f3n Aragua Oliver Medina y la responsable de la Unidad Educativa Inces Aragua (UEA) Sorangel Blanc,o dieron la bienvenida a los participantes del Servicio Nacional Aut\u00f3nomo de Atenci\u00f3n Integral a la Infancia y a la Familia (SENIFA), ente gubernamental, adscrito al Ministerio del Poder Popular para la Educaci\u00f3n (MPPE), encargado de brindar en todo el pa\u00eds educaci\u00f3n inicial no convencional y asistencia integral a ni\u00f1os y ni\u00f1as de 0 a 6 a\u00f1os, a trav\u00e9s de los Simoncitos Comunitarios.<\/span><\/p>\n<p style=\"text-align: justify;\">\n<p style=\"text-align: justify;\">\u201c<span style=\"font-family: ARial, sans-serif;\">El objetivo del encuentro fue dar paso a la socializaci\u00f3n de saberes para la defensa de su portafolio en el \u00e1mbito del bachillerato por acreditaci\u00f3n de saberes\u201d, resalt\u00f3 la profesora Carmen Jaramillo, parte del equipo de trabajo de la UEA. En este sentido, el Inces se comprometi\u00f3 a promover la participaci\u00f3n de los trabajadores, y toda la poblaci\u00f3n interesada en continuar su formaci\u00f3n educativa, gracias a los valores socialistas y revolucionarios con los cuales seguimos la marcha, potenciando al m\u00e1ximo su nivel educativo, en concordancia con su capacidad intelectual y psicomotora, garantizando as\u00ed una Gerencia P\u00fablica eficaz y por ende el fortalecimiento del Grupo Familiar.<\/span><\/p>\n<p style=\"text-align: justify;\">\n<p style=\"text-align: justify;\">\u201c<span style=\"font-family: ARial, sans-serif;\">Nuestra meta es fortalecer constantemente el desarrollo profesional y humano de los trabajadores y trabajadoras a fin de sensibilizarlos sobre la importante labor que llevan adelante desde todo \u00e1ngulo y en todas las instituciones, consolidando continuamente las relaciones interinstitucionales, con los dem\u00e1s entes patag\u00f3nicos del proceso revolucionario y con el prop\u00f3sito de intercambiar experiencias a fin de enriquecer nuestras estrategias de formaci\u00f3n integral hacia en toda la poblaci\u00f3n de pa\u00eds\u201d, afirm\u00f3 el Ingeniero Oliver Medina.<\/span><\/p>\n<p style=\"text-align: justify;\">\n<p style=\"text-align: justify;\">\u201c<span style=\"font-family: ARial, sans-serif;\">Luego de 20 encuentros y respectivas evaluaciones, a los estudiantes, por medio del proceso de socializaci\u00f3n, les ser\u00e1n reconocidos sus conocimientos en las \u00e1reas del Lenguaje, Cultura y Comunicaci\u00f3n, Matem\u00e1tica o habilidad num\u00e9rica, Ciencia naturales (donde tambi\u00e9n est\u00e1 inmersa la qu\u00edmica y la f\u00edsica), Memoria hist\u00f3rica, Territorio y Ciudadan\u00eda (en relaci\u00f3n con la soberan\u00eda nacional) y por \u00faltimo pero no menos importante; su conocimiento en idiomas (incluyendo en esta modalidad la lengua de se\u00f1as), de acuerdo con la jefa del Programa Bachillerato Productivo.<\/span><\/p>\n<p style=\"text-align: justify;\">\n<p style=\"text-align: justify;\"><span style=\"font-family: ARial, sans-serif;\">Al respecto, acot\u00f3 el profesor Orlando Polo, quien es parte de este equipo de formadores, que siempre se considera el desarrollo de las nociones b\u00e1sicas en redacci\u00f3n, ortograf\u00eda, manejo de cantidades; relacionado con su experiencia o desempe\u00f1o laboral, pero tambi\u00e9n, la evaluaci\u00f3n est\u00e1 vinculada, casi de manera inmediata, desde el devenir de los futuros Bachilleres, comenzando por su Biograf\u00eda, destacando lo extraordinario, dentro de lo cotidiano\u201d.<\/span><\/p>\n","protected":false},"excerpt":{"rendered":"<p>** Con el reconocimiento de los saberes se impuls\u00f3 a Senifa, brindando nuevas oportunidades de superaci\u00f3n a sus trabajadores por medio del bachillerato desde el ambiente La Romana con 15 participantes<\/p>\n","protected":false},"author":4,"featured_media":0,"comment_status":"closed","ping_status":"closed","sticky":false,"template":"","format":"standard","meta":{"footnotes":""},"categories":[2],"tags":[],"class_list":["post-42439","post","type-post","status-publish","format-standard","hentry","category-blog"],"_links":{"self":[{"href":"https:\/\/inces.gob.ve\/index.php\/wp-json\/wp\/v2\/posts\/42439","targetHints":{"allow":["GET"]}}],"collection":[{"href":"https:\/\/inces.gob.ve\/index.php\/wp-json\/wp\/v2\/posts"}],"about":[{"href":"https:\/\/inces.gob.ve\/index.php\/wp-json\/wp\/v2\/types\/post"}],"author":[{"embeddable":true,"href":"https:\/\/inces.gob.ve\/index.php\/wp-json\/wp\/v2\/users\/4"}],"replies":[{"embeddable":true,"href":"https:\/\/inces.gob.ve\/index.php\/wp-json\/wp\/v2\/comments?post=42439"}],"version-history":[{"count":1,"href":"https:\/\/inces.gob.ve\/index.php\/wp-json\/wp\/v2\/posts\/42439\/revisions"}],"predecessor-version":[{"id":42440,"href":"https:\/\/inces.gob.ve\/index.php\/wp-json\/wp\/v2\/posts\/42439\/revisions\/42440"}],"wp:attachment":[{"href":"https:\/\/inces.gob.ve\/index.php\/wp-json\/wp\/v2\/media?parent=42439"}],"wp:term":[{"taxonomy":"category","embeddable":true,"href":"https:\/\/inces.gob.ve\/index.php\/wp-json\/wp\/v2\/categories?post=42439"},{"taxonomy":"post_tag","embeddable":true,"href":"https:\/\/inces.gob.ve\/index.php\/wp-json\/wp\/v2\/tags?post=42439"}],"curies":[{"name":"wp","href":"https:\/\/api.w.org\/{rel}","templated":true}]}}