{"id":42441,"date":"2022-05-05T09:56:51","date_gmt":"2022-05-05T13:56:51","guid":{"rendered":"https:\/\/inces.gob.ve\/?p=42441"},"modified":"2022-05-05T09:56:51","modified_gmt":"2022-05-05T13:56:51","slug":"miranda-juventud-productiva-inces-visita-los-iadd","status":"publish","type":"post","link":"https:\/\/inces.gob.ve\/index.php\/2022\/05\/05\/miranda-juventud-productiva-inces-visita-los-iadd\/","title":{"rendered":"MIRANDA | Juventud Productiva Inces visita los IADD"},"content":{"rendered":"<p style=\"text-align: justify;\"><span style=\"font-size: 14pt;\"><em><strong>** La consolidaci\u00f3n del Movimiento Nacional de Aprendices es una meta<\/strong><\/em><\/span><!--more--><\/p>\n<p style=\"text-align: justify;\">\n<p style=\"text-align: justify;\"><span style=\"font-size: 14pt;\"><strong>JEHINFRY AGUIAR<\/strong><\/span><\/p>\n<p style=\"text-align: justify;\">\n<p style=\"text-align: justify;\"><span style=\"font-size: 14pt;\">Juventud productiva Miranda visit\u00f3 los Institutos de Acci\u00f3n Docente Delegada (IADD) Ingesca, Seravilo, Cemproen, donde se realiz\u00f3 la elecci\u00f3n de voceros del frente del instituto, en aras de organizar el Movimiento Soy Aprendiz Inces.<\/span><\/p>\n<p style=\"text-align: justify;\">\n<p style=\"text-align: justify;\"><span style=\"font-size: 14pt;\">Cabe destacar que este proceso garantiza la organizaci\u00f3n del movimiento nacional, dentro del \u00e1mbito formativo, productivo y social en los IADD.<\/span><\/p>\n<p style=\"text-align: justify;\">\n<p style=\"text-align: justify;\"><span style=\"font-size: 14pt;\">Adem\u00e1s, se realiz\u00f3 un cronograma para seguir con el proceso de elecci\u00f3n de voceros del Instituto y\/o espacio formativo que constituye uno de los frentes de organizaci\u00f3n del movimiento.<\/span><\/p>\n<p style=\"text-align: justify;\">\n<p style=\"text-align: justify;\"><span style=\"font-size: 14pt;\">En las aulas se eligen voceros de: organizaci\u00f3n, formaci\u00f3n &#8211; producci\u00f3n, comunicaci\u00f3n, defensa del joven trabajador y cultura recreaci\u00f3n y deporte.<\/span><\/p>\n<p style=\"text-align: justify;\">\n<p style=\"text-align: justify;\"><span style=\"font-size: 14pt;\">\u00abEsta elecci\u00f3n impulsa las nuevas formas de organizaci\u00f3n que surgen en la interacci\u00f3n con los aprendices en sus \u00e1reas formativas, la formaci\u00f3n de las brigadas, la formaci\u00f3n para la incorporaci\u00f3n en la producci\u00f3n, siempre tomando en cuenta las realidades, que existen y como generaci\u00f3n joven poseemos, pero que es necesario elevarnos, avanzar en pro de la consolidaci\u00f3n del plan de la patria y la mejora en los motores productivos de nuestro pa\u00eds\u00bb detall\u00f3 Adri\u00e1n Charaima coordinador de Juventud Productiva.<\/span><\/p>\n","protected":false},"excerpt":{"rendered":"<p>** La consolidaci\u00f3n del Movimiento Nacional de Aprendices es una meta<\/p>\n","protected":false},"author":4,"featured_media":42442,"comment_status":"closed","ping_status":"closed","sticky":false,"template":"","format":"standard","meta":{"footnotes":""},"categories":[2],"tags":[],"class_list":["post-42441","post","type-post","status-publish","format-standard","has-post-thumbnail","hentry","category-blog"],"_links":{"self":[{"href":"https:\/\/inces.gob.ve\/index.php\/wp-json\/wp\/v2\/posts\/42441","targetHints":{"allow":["GET"]}}],"collection":[{"href":"https:\/\/inces.gob.ve\/index.php\/wp-json\/wp\/v2\/posts"}],"about":[{"href":"https:\/\/inces.gob.ve\/index.php\/wp-json\/wp\/v2\/types\/post"}],"author":[{"embeddable":true,"href":"https:\/\/inces.gob.ve\/index.php\/wp-json\/wp\/v2\/users\/4"}],"replies":[{"embeddable":true,"href":"https:\/\/inces.gob.ve\/index.php\/wp-json\/wp\/v2\/comments?post=42441"}],"version-history":[{"count":1,"href":"https:\/\/inces.gob.ve\/index.php\/wp-json\/wp\/v2\/posts\/42441\/revisions"}],"predecessor-version":[{"id":42443,"href":"https:\/\/inces.gob.ve\/index.php\/wp-json\/wp\/v2\/posts\/42441\/revisions\/42443"}],"wp:featuredmedia":[{"embeddable":true,"href":"https:\/\/inces.gob.ve\/index.php\/wp-json\/wp\/v2\/media\/42442"}],"wp:attachment":[{"href":"https:\/\/inces.gob.ve\/index.php\/wp-json\/wp\/v2\/media?parent=42441"}],"wp:term":[{"taxonomy":"category","embeddable":true,"href":"https:\/\/inces.gob.ve\/index.php\/wp-json\/wp\/v2\/categories?post=42441"},{"taxonomy":"post_tag","embeddable":true,"href":"https:\/\/inces.gob.ve\/index.php\/wp-json\/wp\/v2\/tags?post=42441"}],"curies":[{"name":"wp","href":"https:\/\/api.w.org\/{rel}","templated":true}]}}