{"id":42502,"date":"2022-04-28T19:27:45","date_gmt":"2022-04-28T23:27:45","guid":{"rendered":"https:\/\/inces.gob.ve\/?p=42502"},"modified":"2022-05-06T15:52:24","modified_gmt":"2022-05-06T19:52:24","slug":"yaracuy-inspeccionan-espacios-a-recuperar-en-el-cfs-san-felipe-el-fuerte","status":"publish","type":"post","link":"https:\/\/inces.gob.ve\/index.php\/2022\/04\/28\/yaracuy-inspeccionan-espacios-a-recuperar-en-el-cfs-san-felipe-el-fuerte\/","title":{"rendered":"YARACUY | Inspeccionan espacios a recuperar en el CFS San Felipe El Fuerte"},"content":{"rendered":"<p style=\"font-weight: 400; text-align: justify;\"><strong><span style=\"font-size: 14pt;\"><em>***Levantamiento del proyecto contempla recuperaci\u00f3n total de la infraestructura del \u00e1rea derecha de la sede<\/em><\/span><\/strong><!--more--><\/p>\n<p>&nbsp;<\/p>\n<p style=\"font-weight: 400; text-align: justify;\"><span style=\"font-size: 14pt;\"><strong>YOLAICE VARGAS<\/strong><\/span><\/p>\n<p style=\"font-weight: 400; text-align: justify;\"><span style=\"font-size: 14pt;\">Para cumplir lineamientos del presidente del Instituto Nacional de Capacitaci\u00f3n y Educaci\u00f3n Socialista (Inces), Wuikelman Paredes, el gerente regional del Inces Yaracuy, Dalvi Torrealba, realiz\u00f3 una inspecci\u00f3n en el \u00e1rea derecha de la infraestructura del Centro de Formaci\u00f3n Socialista (CFS) San Felipe El Fuerte, a fin de levantar el proyecto de recuperaci\u00f3n del inmueble.<\/span><\/p>\n<p>&nbsp;<\/p>\n<p style=\"font-weight: 400; text-align: justify;\"><span style=\"font-size: 14pt;\">El titular del Inces Yaracuy destac\u00f3 que el proyecto de rehabilitaci\u00f3n y recuperaci\u00f3n del \u00e1rea contempla remoci\u00f3n y sustituci\u00f3n de techo, sistema el\u00e9ctrico, pintura de los espacios internos y externos, as\u00ed como otras reparaciones menores. Explic\u00f3 que el proyecto se estima sea ejecutado por etapas de acuerdo a la asignaci\u00f3n de recursos.<\/span><\/p>\n<p>&nbsp;<\/p>\n<p style=\"font-weight: 400; text-align: justify;\"><span style=\"font-size: 14pt;\">Asimismo, se\u00f1al\u00f3 que la infraestructura sufri\u00f3 algunos da\u00f1os, debido a la inoperatividad desde el a\u00f1o 2015, por lo que amerita la intervenci\u00f3n, para que, una vez recuperados los espacios, se incluyan nuevamente a las \u00e1reas de formaci\u00f3n productiva, logrando mayor capacidad de alcance y respuestas a la ciudadan\u00eda.<\/span><\/p>\n<p>&nbsp;<\/p>\n<p style=\"font-weight: 400; text-align: justify;\"><span style=\"font-size: 14pt;\">De igual manera el responsable del Inces Yaracuy mencion\u00f3 que se han ido recuperando los espacios de manera progresiva, vislumbrando se puedan desarrollar proyectos socioproductivos que van enmarcados en la actividad econ\u00f3mica bajo la modalidad de pasar a ser un ente autosustentable, para minimizar costos al Estado venezolano y avanzar hacia la econom\u00eda digital que promueve el presidente de la rep\u00fablica Nicol\u00e1s Maduro.\u00a0\u00a0<\/span><\/p>\n","protected":false},"excerpt":{"rendered":"<p>***Levantamiento del proyecto contempla recuperaci\u00f3n total de la infraestructura del \u00e1rea derecha de la sede<\/p>\n","protected":false},"author":4,"featured_media":42503,"comment_status":"closed","ping_status":"closed","sticky":false,"template":"","format":"standard","meta":{"footnotes":""},"categories":[2],"tags":[],"class_list":["post-42502","post","type-post","status-publish","format-standard","has-post-thumbnail","hentry","category-blog"],"_links":{"self":[{"href":"https:\/\/inces.gob.ve\/index.php\/wp-json\/wp\/v2\/posts\/42502","targetHints":{"allow":["GET"]}}],"collection":[{"href":"https:\/\/inces.gob.ve\/index.php\/wp-json\/wp\/v2\/posts"}],"about":[{"href":"https:\/\/inces.gob.ve\/index.php\/wp-json\/wp\/v2\/types\/post"}],"author":[{"embeddable":true,"href":"https:\/\/inces.gob.ve\/index.php\/wp-json\/wp\/v2\/users\/4"}],"replies":[{"embeddable":true,"href":"https:\/\/inces.gob.ve\/index.php\/wp-json\/wp\/v2\/comments?post=42502"}],"version-history":[{"count":1,"href":"https:\/\/inces.gob.ve\/index.php\/wp-json\/wp\/v2\/posts\/42502\/revisions"}],"predecessor-version":[{"id":42504,"href":"https:\/\/inces.gob.ve\/index.php\/wp-json\/wp\/v2\/posts\/42502\/revisions\/42504"}],"wp:featuredmedia":[{"embeddable":true,"href":"https:\/\/inces.gob.ve\/index.php\/wp-json\/wp\/v2\/media\/42503"}],"wp:attachment":[{"href":"https:\/\/inces.gob.ve\/index.php\/wp-json\/wp\/v2\/media?parent=42502"}],"wp:term":[{"taxonomy":"category","embeddable":true,"href":"https:\/\/inces.gob.ve\/index.php\/wp-json\/wp\/v2\/categories?post=42502"},{"taxonomy":"post_tag","embeddable":true,"href":"https:\/\/inces.gob.ve\/index.php\/wp-json\/wp\/v2\/tags?post=42502"}],"curies":[{"name":"wp","href":"https:\/\/api.w.org\/{rel}","templated":true}]}}