{"id":42525,"date":"2022-04-29T16:40:52","date_gmt":"2022-04-29T20:40:52","guid":{"rendered":"https:\/\/inces.gob.ve\/?p=42525"},"modified":"2022-05-06T16:41:43","modified_gmt":"2022-05-06T20:41:43","slug":"amazonas-inces-activa-programa-penitenciario-luisa-caceres-de-arismendi","status":"publish","type":"post","link":"https:\/\/inces.gob.ve\/index.php\/2022\/04\/29\/amazonas-inces-activa-programa-penitenciario-luisa-caceres-de-arismendi\/","title":{"rendered":"AMAZONAS | Inces activa Programa Penitenciario Luisa C\u00e1ceres de Arismendi"},"content":{"rendered":"<p style=\"text-align: justify;\"><em><strong><span style=\"font-size: 14pt;\">** Agricultura Urbana y Electricidad B\u00e1sica son las primera ocupaciones que aprender\u00e1n los privados de libertad<\/span><\/strong><\/em><!--more--><\/p>\n<p>&nbsp;<\/p>\n<p style=\"font-weight: 400; text-align: justify;\"><strong><span style=\"font-size: 14pt;\">F\u00c9LIX RUIZ<\/span><\/strong><\/p>\n<p style=\"font-weight: 400; text-align: justify;\"><span style=\"font-size: 14pt;\">Inces Amazonas da continuidad\u00a0 al Programa Penitenciario Luisa C\u00e1ceres de Arismendi, en aras de atender a los centros penitenciarios del municipio Atures del estado Amazonas.<\/span><\/p>\n<p style=\"font-weight: 400; text-align: justify;\"><span style=\"font-size: 14pt;\">Para ello, personal Inces Amazonas realiza el abordaje a un grupo de reclusos, esto con la finalidad de ofrecer\u00a0 formaciones t\u00e9cnicas a los privados de libertad. <\/span><\/p>\n<p style=\"font-weight: 400; text-align: justify;\"><span style=\"font-size: 14pt;\">Esta actividad se realiz\u00f3 de la mano de la Fundaci\u00f3n Familia, la cual se caracteriza por velar y garantizar al privado de libertad salud, asesor\u00eda legal y educaci\u00f3n. <\/span><\/p>\n<p style=\"font-weight: 400; text-align: justify;\"><span style=\"font-size: 14pt;\">Dicho abordaje fue realizado en las instalaciones del centro penitenciario de la polic\u00eda estadal y cont\u00f3 con la participaci\u00f3n del jefe de centro Johonny Bejas. <\/span><\/p>\n<p style=\"font-weight: 400; text-align: justify;\"><span style=\"font-size: 14pt;\">Cabe mencionar que para esta primera etapa se dar\u00e1 inicio a los curso de electricidad b\u00e1sica y agricultura urbana.<\/span><\/p>\n","protected":false},"excerpt":{"rendered":"<p>** Agricultura Urbana y Electricidad B\u00e1sica son las primera ocupaciones que aprender\u00e1n los privados de libertad<\/p>\n","protected":false},"author":4,"featured_media":42526,"comment_status":"closed","ping_status":"closed","sticky":false,"template":"","format":"standard","meta":{"footnotes":""},"categories":[2],"tags":[],"class_list":["post-42525","post","type-post","status-publish","format-standard","has-post-thumbnail","hentry","category-blog"],"_links":{"self":[{"href":"https:\/\/inces.gob.ve\/index.php\/wp-json\/wp\/v2\/posts\/42525","targetHints":{"allow":["GET"]}}],"collection":[{"href":"https:\/\/inces.gob.ve\/index.php\/wp-json\/wp\/v2\/posts"}],"about":[{"href":"https:\/\/inces.gob.ve\/index.php\/wp-json\/wp\/v2\/types\/post"}],"author":[{"embeddable":true,"href":"https:\/\/inces.gob.ve\/index.php\/wp-json\/wp\/v2\/users\/4"}],"replies":[{"embeddable":true,"href":"https:\/\/inces.gob.ve\/index.php\/wp-json\/wp\/v2\/comments?post=42525"}],"version-history":[{"count":2,"href":"https:\/\/inces.gob.ve\/index.php\/wp-json\/wp\/v2\/posts\/42525\/revisions"}],"predecessor-version":[{"id":42528,"href":"https:\/\/inces.gob.ve\/index.php\/wp-json\/wp\/v2\/posts\/42525\/revisions\/42528"}],"wp:featuredmedia":[{"embeddable":true,"href":"https:\/\/inces.gob.ve\/index.php\/wp-json\/wp\/v2\/media\/42526"}],"wp:attachment":[{"href":"https:\/\/inces.gob.ve\/index.php\/wp-json\/wp\/v2\/media?parent=42525"}],"wp:term":[{"taxonomy":"category","embeddable":true,"href":"https:\/\/inces.gob.ve\/index.php\/wp-json\/wp\/v2\/categories?post=42525"},{"taxonomy":"post_tag","embeddable":true,"href":"https:\/\/inces.gob.ve\/index.php\/wp-json\/wp\/v2\/tags?post=42525"}],"curies":[{"name":"wp","href":"https:\/\/api.w.org\/{rel}","templated":true}]}}