{"id":42571,"date":"2022-05-09T11:23:16","date_gmt":"2022-05-09T15:23:16","guid":{"rendered":"https:\/\/inces.gob.ve\/?p=42571"},"modified":"2022-05-09T11:23:16","modified_gmt":"2022-05-09T15:23:16","slug":"merida-inces-participo-en-encuentro-estadal-de-liceos-y-escuelas-tecnicas","status":"publish","type":"post","link":"https:\/\/inces.gob.ve\/index.php\/2022\/05\/09\/merida-inces-participo-en-encuentro-estadal-de-liceos-y-escuelas-tecnicas\/","title":{"rendered":"M\u00c9RIDA | Inces particip\u00f3 en encuentro estadal de liceos y escuelas t\u00e9cnicas"},"content":{"rendered":"<p><span style=\"font-size: 14pt;\"><em>** Estudiantes de 5to. y 6to a\u00f1o, egresar\u00e1n con un perfil productivo, requisito para obtener el t\u00edtulo de Bachiller<\/em><\/span><!--more--><\/p>\n<p><span style=\"font-size: 14pt;\"><em>\u00a0<\/em><\/span><\/p>\n<p>&nbsp;<\/p>\n<p><span style=\"font-size: 14pt;\"><strong>NADIA LOBO<\/strong><\/span><\/p>\n<p><span style=\"font-size: 14pt;\">\u00a0Con el objetivo de impulsar la transformaci\u00f3n t\u00e9cnica y profesional, el Inces particip\u00f3 en el \u201cEncuentro estadal de Liceos y Escuelas T\u00e9cnicas\u201d donde inform\u00f3 y orient\u00f3 a la comunidad estudiantil, profesores y docentes sobre el proceso de acreditaci\u00f3n en diferentes ocupaciones productivas, que le permitan al estudiante egresar con un perfil productivo.<\/span><\/p>\n<p>&nbsp;<\/p>\n<p>&nbsp;<\/p>\n<p><span style=\"font-size: 14pt;\">En este sentido, el gerente regional del Inces, Geldrit Roca, quien estuvo presente en el encuentro, conjuntamente con representantes de la Divisi\u00f3n de Formaci\u00f3n Profesional, destac\u00f3 la importancia de avanzar hacia una transformaci\u00f3n t\u00e9cnica y profesional, siguiendo las instrucciones tanto del presidente Nicol\u00e1s Maduro, como de la ministra del Poder Popular para la Educaci\u00f3n (ME), Yelitze Santaella.<\/span><\/p>\n<p>&nbsp;<\/p>\n<p>&nbsp;<\/p>\n<p><span style=\"font-size: 14pt;\">La actividad tuvo lugar en las instalaciones la Escuela T\u00e9cnica de Seguridad y Defensa \u201cDomingo Pe\u00f1a\u201d donde autoridades de la Zona Educativa de M\u00e9rida, estudiantes, representes y maestros se dieron la cita para conocer y avanzar en la certificaci\u00f3n de saberes, tal y como lo ha orientado el presidente del Inces, Wuikelman Angel Paredes y el gobernador del estado M\u00e9rida, Jehyson Guzm\u00e1n.<\/span><\/p>\n<p>&nbsp;<\/p>\n<p>&nbsp;<\/p>\n<p><span style=\"font-size: 14pt;\">En esta oportunidad, estudiantes de las escuelas t\u00e9cnicas presentaron una muestra de sus habilidades y oficios, mientras el Inces, inform\u00f3 a la poblaci\u00f3n estudiantil, as\u00ed como a los docentes sobre el proceso de acreditaciones que se estar\u00e1 desarrollando durante la formaci\u00f3n acad\u00e9mica, con la finalidad que los bachilleres egresen con un perfil productivo, como requisito elemental.<\/span><\/p>\n<p><span style=\"font-size: 14pt;\">\u00a0\u00a0<\/span><\/p>\n<p><span style=\"font-size: 14pt;\"><strong>\u00a0<\/strong><\/span><\/p>\n","protected":false},"excerpt":{"rendered":"<p>** Estudiantes de 5to. y 6to a\u00f1o, egresar\u00e1n con un perfil productivo, requisito para obtener el t\u00edtulo de Bachiller<\/p>\n","protected":false},"author":4,"featured_media":42572,"comment_status":"closed","ping_status":"closed","sticky":false,"template":"","format":"standard","meta":{"footnotes":""},"categories":[2],"tags":[],"class_list":["post-42571","post","type-post","status-publish","format-standard","has-post-thumbnail","hentry","category-blog"],"_links":{"self":[{"href":"https:\/\/inces.gob.ve\/index.php\/wp-json\/wp\/v2\/posts\/42571","targetHints":{"allow":["GET"]}}],"collection":[{"href":"https:\/\/inces.gob.ve\/index.php\/wp-json\/wp\/v2\/posts"}],"about":[{"href":"https:\/\/inces.gob.ve\/index.php\/wp-json\/wp\/v2\/types\/post"}],"author":[{"embeddable":true,"href":"https:\/\/inces.gob.ve\/index.php\/wp-json\/wp\/v2\/users\/4"}],"replies":[{"embeddable":true,"href":"https:\/\/inces.gob.ve\/index.php\/wp-json\/wp\/v2\/comments?post=42571"}],"version-history":[{"count":1,"href":"https:\/\/inces.gob.ve\/index.php\/wp-json\/wp\/v2\/posts\/42571\/revisions"}],"predecessor-version":[{"id":42573,"href":"https:\/\/inces.gob.ve\/index.php\/wp-json\/wp\/v2\/posts\/42571\/revisions\/42573"}],"wp:featuredmedia":[{"embeddable":true,"href":"https:\/\/inces.gob.ve\/index.php\/wp-json\/wp\/v2\/media\/42572"}],"wp:attachment":[{"href":"https:\/\/inces.gob.ve\/index.php\/wp-json\/wp\/v2\/media?parent=42571"}],"wp:term":[{"taxonomy":"category","embeddable":true,"href":"https:\/\/inces.gob.ve\/index.php\/wp-json\/wp\/v2\/categories?post=42571"},{"taxonomy":"post_tag","embeddable":true,"href":"https:\/\/inces.gob.ve\/index.php\/wp-json\/wp\/v2\/tags?post=42571"}],"curies":[{"name":"wp","href":"https:\/\/api.w.org\/{rel}","templated":true}]}}