{"id":42587,"date":"2022-05-11T10:26:05","date_gmt":"2022-05-11T14:26:05","guid":{"rendered":"https:\/\/inces.gob.ve\/?p=42587"},"modified":"2022-05-11T10:26:14","modified_gmt":"2022-05-11T14:26:14","slug":"carabobo-inces-certifico-los-saberes-la-las-cuadrillas-de-trabajadores-del-plan-buho","status":"publish","type":"post","link":"https:\/\/inces.gob.ve\/index.php\/2022\/05\/11\/carabobo-inces-certifico-los-saberes-la-las-cuadrillas-de-trabajadores-del-plan-buho\/","title":{"rendered":"CARABOBO |  Inces certific\u00f3 los saberes la las cuadrillas de trabajadores del Plan B\u00faho"},"content":{"rendered":"<p><span style=\"color: #000000;\"><span style=\"font-family: Georgia, serif;\"><span style=\"font-size: large;\"><i><b>** El objetivo se logr\u00f3 gracias a la alianza estrat\u00e9gica lograda con la alcald\u00eda de Valencia<\/b><\/i><\/span><\/span><\/span><!--more--><\/p>\n<p style=\"text-align: justify;\"><span style=\"color: #000000; font-size: 14pt;\"><span style=\"font-family: Georgia,serif;\">ATILIA CORTEZ CA\u00d1ADAS<\/span><\/span><\/p>\n<p style=\"text-align: justify;\"><span style=\"color: #000000; font-size: 14pt;\"><span style=\"font-family: Georgia,serif;\">El Inces Carabobo junto a su Centro de Formaci\u00f3n Socialista (CFS) Rafael Urdaneta y al Centro Nacional de Soldadura, fue el encargado de llevar a cabo la certificaci\u00f3n de saberes en diversas \u00e1reas, a los trabajadores de las cuadrillas del Plan B\u00faho.<\/span><\/span><\/p>\n<p><img loading=\"lazy\" decoding=\"async\" class=\"aligncenter wp-image-42591 size-full\" src=\"https:\/\/inces.gob.ve\/wp-content\/uploads\/2022\/05\/certificacion-de-saberes-4-e1652279028433.jpg\" alt=\"\" width=\"800\" height=\"600\" \/><\/p>\n<p style=\"text-align: justify;\"><span style=\"color: #000000; font-size: 14pt;\"><span style=\"font-family: Georgia,serif;\">Se pudo conocer que las \u00e1reas a certificar fueron: electricidad, operador de maquinaria pesada de payloader, de retroexcavadora, reparador de sistemas hidr\u00e1ulicos y neum\u00e1ticos, soldadura, ofim\u00e1tica y montacarguista.<img loading=\"lazy\" decoding=\"async\" class=\"aligncenter wp-image-42590 size-full\" src=\"https:\/\/inces.gob.ve\/wp-content\/uploads\/2022\/05\/certificacion-de-saberes-3--e1652279060705.jpg\" alt=\"\" width=\"800\" height=\"600\" \/><\/span><\/span><\/p>\n<p style=\"text-align: justify;\"><span style=\"color: #000000; font-size: 14pt;\"><span style=\"font-family: Georgia,serif;\">Esta actividad fue posible tras la alianza estrat\u00e9gica entre la alcald\u00eda de Valencia y el Inces Carabobo.<\/span><\/span><\/p>\n<p style=\"text-align: justify;\"><span style=\"color: #000000; font-size: 14pt;\"><span style=\"font-family: Georgia,serif;\">El coordinador regional de la Juventud Productiva, Deivis Aguirre estuvo presente junto a los especialistas de diversas ocupaciones productivas como el jefe del CFS Rafael Urdaneta, Rosendo Yllarramendi, el profesor Luis Valero, jefe del Centro Nacional de Soldadura y los maestros el maestro Renny Pichardo, Jes\u00fas Collado, Jhonny \u00c1lvarez,Pablo Torres y Arnoldo Hidalgo.<img loading=\"lazy\" decoding=\"async\" class=\"aligncenter wp-image-42589 size-full\" src=\"https:\/\/inces.gob.ve\/wp-content\/uploads\/2022\/05\/certificacion-de-saberes-2--e1652279084186.jpg\" alt=\"\" width=\"800\" height=\"600\" \/><\/span><\/span><\/p>\n","protected":false},"excerpt":{"rendered":"<p>** El objetivo se logr\u00f3 gracias a la alianza estrat\u00e9gica lograda con la alcald\u00eda de Valencia<\/p>\n","protected":false},"author":4,"featured_media":42592,"comment_status":"closed","ping_status":"closed","sticky":false,"template":"","format":"standard","meta":{"footnotes":""},"categories":[2],"tags":[],"class_list":["post-42587","post","type-post","status-publish","format-standard","has-post-thumbnail","hentry","category-blog"],"_links":{"self":[{"href":"https:\/\/inces.gob.ve\/index.php\/wp-json\/wp\/v2\/posts\/42587","targetHints":{"allow":["GET"]}}],"collection":[{"href":"https:\/\/inces.gob.ve\/index.php\/wp-json\/wp\/v2\/posts"}],"about":[{"href":"https:\/\/inces.gob.ve\/index.php\/wp-json\/wp\/v2\/types\/post"}],"author":[{"embeddable":true,"href":"https:\/\/inces.gob.ve\/index.php\/wp-json\/wp\/v2\/users\/4"}],"replies":[{"embeddable":true,"href":"https:\/\/inces.gob.ve\/index.php\/wp-json\/wp\/v2\/comments?post=42587"}],"version-history":[{"count":1,"href":"https:\/\/inces.gob.ve\/index.php\/wp-json\/wp\/v2\/posts\/42587\/revisions"}],"predecessor-version":[{"id":42593,"href":"https:\/\/inces.gob.ve\/index.php\/wp-json\/wp\/v2\/posts\/42587\/revisions\/42593"}],"wp:featuredmedia":[{"embeddable":true,"href":"https:\/\/inces.gob.ve\/index.php\/wp-json\/wp\/v2\/media\/42592"}],"wp:attachment":[{"href":"https:\/\/inces.gob.ve\/index.php\/wp-json\/wp\/v2\/media?parent=42587"}],"wp:term":[{"taxonomy":"category","embeddable":true,"href":"https:\/\/inces.gob.ve\/index.php\/wp-json\/wp\/v2\/categories?post=42587"},{"taxonomy":"post_tag","embeddable":true,"href":"https:\/\/inces.gob.ve\/index.php\/wp-json\/wp\/v2\/tags?post=42587"}],"curies":[{"name":"wp","href":"https:\/\/api.w.org\/{rel}","templated":true}]}}