{"id":42594,"date":"2022-05-11T08:10:43","date_gmt":"2022-05-11T12:10:43","guid":{"rendered":"https:\/\/inces.gob.ve\/?p=42594"},"modified":"2022-05-11T11:34:00","modified_gmt":"2022-05-11T15:34:00","slug":"aragua-con-gran-emocion-se-espero-la-llegada-de-las-madres-trabajadoras-en-la-sede-del-inces","status":"publish","type":"post","link":"https:\/\/inces.gob.ve\/index.php\/2022\/05\/11\/aragua-con-gran-emocion-se-espero-la-llegada-de-las-madres-trabajadoras-en-la-sede-del-inces\/","title":{"rendered":"ARAGUA | Con gran emoci\u00f3n se esper\u00f3 la llegada de las madres trabajadoras en la sede del Inces"},"content":{"rendered":"<p align=\"justify\"><span style=\"font-size: 14pt;\"><span style=\"color: #000000;\"><i><b>** Un total de 90 madres estuvieron presentes en la actividad especialmente organizada para ellas <\/b><\/i><\/span><!--more--><\/span><\/p>\n<p align=\"justify\"><span style=\"color: #000000; font-size: 14pt;\">Ninoska Patriz<\/span><\/p>\n<p align=\"justify\"><span style=\"color: #000000; font-size: 14pt;\">El D\u00eda de las Madres se celebra el segundo domingo del mes de mayo, sin embargo, con especial atenci\u00f3n y mucho cari\u00f1o, se prepar\u00f3 un exquisito almuerzo para el recibimiento de las mismas. Al respecto, en honor a su gran importancia, se destac\u00f3 el valor de las asistentes como l\u00edderes, motivadoras, multiplicadoras, con fuerte esp\u00edritu de servicio, siendo pilares de inspiraci\u00f3n en la sociedad.<\/span><\/p>\n<p align=\"justify\"><span style=\"font-size: 14pt;\"><img loading=\"lazy\" decoding=\"async\" class=\"aligncenter wp-image-42596 size-full\" src=\"https:\/\/inces.gob.ve\/wp-content\/uploads\/2022\/05\/madres-trabajadoras-inces-3--e1652282824554.jpeg\" alt=\"\" width=\"800\" height=\"600\" \/><\/span><\/p>\n<p align=\"justify\"><span style=\"color: #000000; font-size: 14pt;\">Las mismas fueron recibidas por el Ingeniero \u00d3liver Medina gerente general de la instituci\u00f3n, contando con el apoyo del equipo de trabajo conformado por: Yelitza Rodr\u00edguez, Dulce Pulgar, Isbelia Marquina, Carmen Concepci\u00f3n, Jhojani Marrero, Milenis Rodr\u00edguez, Yildred Fuentes y David \u00c1valos; tambi\u00e9n acompa\u00f1aron la actividad las jefas y jefes de Formaci\u00f3n Profesional, Infraestructura y Servicios, Inform\u00e1tica, Planificaci\u00f3n, Administraci\u00f3n, Planificaci\u00f3n, y jefes de los Centros de Formaci\u00f3n Socialista (CFS) Programa Turismo, Comercial Maracay y Prensa Inces Regi\u00f3n Aragua. <\/span><\/p>\n<p align=\"justify\"><span style=\"font-size: 14pt;\"><span style=\"color: #000000;\">Por su parte, madres presentes agradecieron el merecido homenaje, el cual cont\u00f3 con m\u00fasica en vivo, la ambientaci\u00f3n del grupo musical: Show Latino con m\u00fasica en vivo y canciones bailables para todos los gustos, una excelente atenci\u00f3n y deliciosos c\u00f3cteles, preparados por el equipo de Etiqueta y Protocolo a cargo del profesor Alexis Mijares, del CFS Turismo.<\/span><img loading=\"lazy\" decoding=\"async\" class=\"aligncenter wp-image-42595 size-full\" src=\"https:\/\/inces.gob.ve\/wp-content\/uploads\/2022\/05\/madres-trabajadoras-inces-2--e1652282846191.jpeg\" alt=\"\" width=\"800\" height=\"600\" \/><span style=\"color: #000000;\">Esta fecha fue la oportunidad para corresponder al caudal inagotable de amor y fortaleza con la cual se despiertan a diario para levantar a los hijos e hijas de la patria. Y siendo una celebraci\u00f3n nacional, se enviaron infinitas bendiciones y felicitaciones a todas las madres, representantes o responsables del papel materno en cada hogar o familia. <\/span><\/span><\/p>\n","protected":false},"excerpt":{"rendered":"<p>** Un total de 90 madres estuvieron presentes en la actividad especialmente organizada para ellas<\/p>\n","protected":false},"author":4,"featured_media":42597,"comment_status":"closed","ping_status":"closed","sticky":false,"template":"","format":"standard","meta":{"footnotes":""},"categories":[2],"tags":[],"class_list":["post-42594","post","type-post","status-publish","format-standard","has-post-thumbnail","hentry","category-blog"],"_links":{"self":[{"href":"https:\/\/inces.gob.ve\/index.php\/wp-json\/wp\/v2\/posts\/42594","targetHints":{"allow":["GET"]}}],"collection":[{"href":"https:\/\/inces.gob.ve\/index.php\/wp-json\/wp\/v2\/posts"}],"about":[{"href":"https:\/\/inces.gob.ve\/index.php\/wp-json\/wp\/v2\/types\/post"}],"author":[{"embeddable":true,"href":"https:\/\/inces.gob.ve\/index.php\/wp-json\/wp\/v2\/users\/4"}],"replies":[{"embeddable":true,"href":"https:\/\/inces.gob.ve\/index.php\/wp-json\/wp\/v2\/comments?post=42594"}],"version-history":[{"count":2,"href":"https:\/\/inces.gob.ve\/index.php\/wp-json\/wp\/v2\/posts\/42594\/revisions"}],"predecessor-version":[{"id":42599,"href":"https:\/\/inces.gob.ve\/index.php\/wp-json\/wp\/v2\/posts\/42594\/revisions\/42599"}],"wp:featuredmedia":[{"embeddable":true,"href":"https:\/\/inces.gob.ve\/index.php\/wp-json\/wp\/v2\/media\/42597"}],"wp:attachment":[{"href":"https:\/\/inces.gob.ve\/index.php\/wp-json\/wp\/v2\/media?parent=42594"}],"wp:term":[{"taxonomy":"category","embeddable":true,"href":"https:\/\/inces.gob.ve\/index.php\/wp-json\/wp\/v2\/categories?post=42594"},{"taxonomy":"post_tag","embeddable":true,"href":"https:\/\/inces.gob.ve\/index.php\/wp-json\/wp\/v2\/tags?post=42594"}],"curies":[{"name":"wp","href":"https:\/\/api.w.org\/{rel}","templated":true}]}}