{"id":42623,"date":"2022-05-11T19:16:44","date_gmt":"2022-05-11T23:16:44","guid":{"rendered":"https:\/\/inces.gob.ve\/?p=42623"},"modified":"2022-05-11T19:16:44","modified_gmt":"2022-05-11T23:16:44","slug":"inces-certifico-a-mas-de-1-000-trabajadores-de-todo-el-pais","status":"publish","type":"post","link":"https:\/\/inces.gob.ve\/index.php\/2022\/05\/11\/inces-certifico-a-mas-de-1-000-trabajadores-de-todo-el-pais\/","title":{"rendered":"Inces certific\u00f3 a m\u00e1s de 1.000 trabajadores de todo el pa\u00eds"},"content":{"rendered":"<p style=\"text-align: justify;\"><em><strong><span style=\"font-size: 14pt;\">** El acto de graduaci\u00f3n masivo es vitrina que respalda la necesidad de formaci\u00f3n t\u00e9cnica y productiva. En funci\u00f3n de ello, se levanta la propuesta de incorporar la ense\u00f1anza de actividades productivas al Sistema Nacional de Educaci\u00f3n<\/span><\/strong><!--more--><\/em><\/p>\n<p>&nbsp;<\/p>\n<p style=\"text-align: justify;\"><span style=\"font-size: 14pt;\">Con la participaci\u00f3n de los ministros de Educaci\u00f3n y del Trabajo, Yelitze Santaella y Jos\u00e9 Ram\u00f3n Rivero, el Instituto Nacional de Capacitaci\u00f3n y Educaci\u00f3n Socialista (Inces) entreg\u00f3 m\u00e1s de 1.000 certificados a la clase trabajadora de todo el pa\u00eds, luego de llevar a cabo un proceso de caracterizaci\u00f3n y comprobaci\u00f3n de conocimientos en entidades de trabajo p\u00fablicas y privadas.<\/span><\/p>\n<p>&nbsp;<\/p>\n<p><img loading=\"lazy\" decoding=\"async\" class=\"aligncenter wp-image-42630 size-large\" src=\"https:\/\/inces.gob.ve\/wp-content\/uploads\/2022\/05\/DSC_0265-1024x685.jpg\" alt=\"\" width=\"640\" height=\"428\" srcset=\"https:\/\/inces.gob.ve\/wp-content\/uploads\/2022\/05\/DSC_0265-1024x685.jpg 1024w, https:\/\/inces.gob.ve\/wp-content\/uploads\/2022\/05\/DSC_0265-300x201.jpg 300w, https:\/\/inces.gob.ve\/wp-content\/uploads\/2022\/05\/DSC_0265-768x514.jpg 768w, https:\/\/inces.gob.ve\/wp-content\/uploads\/2022\/05\/DSC_0265-1536x1028.jpg 1536w, https:\/\/inces.gob.ve\/wp-content\/uploads\/2022\/05\/DSC_0265-2048x1371.jpg 2048w, https:\/\/inces.gob.ve\/wp-content\/uploads\/2022\/05\/DSC_0265-272x182.jpg 272w\" sizes=\"auto, (max-width: 640px) 100vw, 640px\" \/><\/p>\n<p>&nbsp;<\/p>\n<p style=\"text-align: justify;\"><span style=\"font-size: 14pt;\">La entrega de certificados form\u00f3 parte del acto de graduaci\u00f3n conjunta con las misiones educativas y universidades, como parte de los alcances del Sistema Nacional de Formaci\u00f3n y Autoformaci\u00f3n de la Clase Obrera, espacio donde el Inces cumple un importante papel: la acreditaci\u00f3n y certificaci\u00f3n de los graduandos en diferentes ocupaciones productivas.<\/span><\/p>\n<p>&nbsp;<\/p>\n<p><img loading=\"lazy\" decoding=\"async\" class=\"aligncenter wp-image-42625 size-large\" src=\"https:\/\/inces.gob.ve\/wp-content\/uploads\/2022\/05\/DSC_0216-1024x685.jpg\" alt=\"\" width=\"640\" height=\"428\" srcset=\"https:\/\/inces.gob.ve\/wp-content\/uploads\/2022\/05\/DSC_0216-1024x685.jpg 1024w, https:\/\/inces.gob.ve\/wp-content\/uploads\/2022\/05\/DSC_0216-300x201.jpg 300w, https:\/\/inces.gob.ve\/wp-content\/uploads\/2022\/05\/DSC_0216-768x514.jpg 768w, https:\/\/inces.gob.ve\/wp-content\/uploads\/2022\/05\/DSC_0216-1536x1028.jpg 1536w, https:\/\/inces.gob.ve\/wp-content\/uploads\/2022\/05\/DSC_0216-2048x1371.jpg 2048w, https:\/\/inces.gob.ve\/wp-content\/uploads\/2022\/05\/DSC_0216-272x182.jpg 272w\" sizes=\"auto, (max-width: 640px) 100vw, 640px\" \/><\/p>\n<p>&nbsp;<\/p>\n<p style=\"text-align: justify;\"><span style=\"font-size: 14pt;\">Al respecto, el presidente de la casa formativa, Wuikelman Angel, indic\u00f3: \u201cNosotros queremos abrir un proceso masivo de acreditaci\u00f3n que permita reconocer los saberes y haceres de la clase trabajadora. En aquellos espacios donde se da el proceso social del trabajo (f\u00e1bricas, empresas, instituciones p\u00fablicas) hay una cantidad enorme de saberes, de gente que sabe como transformar la naturaleza en bienes y servicios en funci\u00f3n del desarrollo de la patria, y ah\u00ed el Inces tiene una tarea puntual que es el reconocer esos conocimientos emp\u00edricos, sistematizarlos y socializarlos a las generaciones que hoy se levantan\u201d.<\/span><\/p>\n<p>&nbsp;<\/p>\n<p><img loading=\"lazy\" decoding=\"async\" class=\"aligncenter wp-image-42628 size-large\" src=\"https:\/\/inces.gob.ve\/wp-content\/uploads\/2022\/05\/DSC_0220-1-1024x685.jpg\" alt=\"\" width=\"640\" height=\"428\" srcset=\"https:\/\/inces.gob.ve\/wp-content\/uploads\/2022\/05\/DSC_0220-1-1024x685.jpg 1024w, https:\/\/inces.gob.ve\/wp-content\/uploads\/2022\/05\/DSC_0220-1-300x201.jpg 300w, https:\/\/inces.gob.ve\/wp-content\/uploads\/2022\/05\/DSC_0220-1-768x514.jpg 768w, https:\/\/inces.gob.ve\/wp-content\/uploads\/2022\/05\/DSC_0220-1-1536x1028.jpg 1536w, https:\/\/inces.gob.ve\/wp-content\/uploads\/2022\/05\/DSC_0220-1-2048x1371.jpg 2048w, https:\/\/inces.gob.ve\/wp-content\/uploads\/2022\/05\/DSC_0220-1-272x182.jpg 272w\" sizes=\"auto, (max-width: 640px) 100vw, 640px\" \/><\/p>\n<p>&nbsp;<\/p>\n<p style=\"text-align: justify;\"><span style=\"font-size: 14pt;\">Desde el Instituto Nacional de Capacitaci\u00f3n y Recreaci\u00f3n de los Trabajadores, en Caracas, alba\u00f1iles, montacarguista, plomeros, almacenistas, mec\u00e1nicos, panaderos, pasteleros electricistas, mec\u00e1nicos, andamieros, constructores de huertos&#8230; y recreadores de todo el pa\u00eds tienen hoy un certificado de reconocimiento internacional, como record\u00f3 la ministra Santaella durante su intervenci\u00f3n en el acto.<\/span><\/p>\n<p>&nbsp;<\/p>\n<p style=\"text-align: justify;\"><span style=\"font-size: 14pt;\">\u201cEl Inces, al entregar estos mil certificados empodera a la clase obrera nacional e internacionalmente&#8230; y es que para la revoluci\u00f3n Bolivariana la educaci\u00f3n y la formaci\u00f3n son un derecho fundamental y universal. Lo que hoy hacemos aqu\u00ed debe ser considerado un hecho hist\u00f3rico\u201d, asever\u00f3 la titular de Educaci\u00f3n.<\/span><\/p>\n<p>&nbsp;<\/p>\n<p><img loading=\"lazy\" decoding=\"async\" class=\"aligncenter wp-image-42629 size-large\" src=\"https:\/\/inces.gob.ve\/wp-content\/uploads\/2022\/05\/DSC_0260-1024x685.jpg\" alt=\"\" width=\"640\" height=\"428\" srcset=\"https:\/\/inces.gob.ve\/wp-content\/uploads\/2022\/05\/DSC_0260-1024x685.jpg 1024w, https:\/\/inces.gob.ve\/wp-content\/uploads\/2022\/05\/DSC_0260-300x201.jpg 300w, https:\/\/inces.gob.ve\/wp-content\/uploads\/2022\/05\/DSC_0260-768x514.jpg 768w, https:\/\/inces.gob.ve\/wp-content\/uploads\/2022\/05\/DSC_0260-1536x1028.jpg 1536w, https:\/\/inces.gob.ve\/wp-content\/uploads\/2022\/05\/DSC_0260-2048x1371.jpg 2048w, https:\/\/inces.gob.ve\/wp-content\/uploads\/2022\/05\/DSC_0260-272x182.jpg 272w\" sizes=\"auto, (max-width: 640px) 100vw, 640px\" \/><\/p>\n<p>&nbsp;<\/p>\n<p style=\"text-align: justify;\"><span style=\"font-size: 14pt;\">Las misiones Ribas, Robinson y Sucre tambi\u00e9n entregaron t\u00edtulos seg\u00fan sus funciones, mientras que la Universidad Sim\u00f3n Rodr\u00edguez reconoci\u00f3 estudios de tercer y cuarto nivel.<\/span><\/p>\n","protected":false},"excerpt":{"rendered":"<p>** El acto de graduaci\u00f3n masivo es vitrina que respalda la necesidad de formaci\u00f3n t\u00e9cnica y productiva. En funci\u00f3n de ello, se levanta la propuesta de incorporar la ense\u00f1anza de actividades productivas al Sistema Nacional de Educaci\u00f3n<\/p>\n","protected":false},"author":4,"featured_media":42624,"comment_status":"closed","ping_status":"closed","sticky":false,"template":"","format":"standard","meta":{"footnotes":""},"categories":[2],"tags":[],"class_list":["post-42623","post","type-post","status-publish","format-standard","has-post-thumbnail","hentry","category-blog"],"_links":{"self":[{"href":"https:\/\/inces.gob.ve\/index.php\/wp-json\/wp\/v2\/posts\/42623","targetHints":{"allow":["GET"]}}],"collection":[{"href":"https:\/\/inces.gob.ve\/index.php\/wp-json\/wp\/v2\/posts"}],"about":[{"href":"https:\/\/inces.gob.ve\/index.php\/wp-json\/wp\/v2\/types\/post"}],"author":[{"embeddable":true,"href":"https:\/\/inces.gob.ve\/index.php\/wp-json\/wp\/v2\/users\/4"}],"replies":[{"embeddable":true,"href":"https:\/\/inces.gob.ve\/index.php\/wp-json\/wp\/v2\/comments?post=42623"}],"version-history":[{"count":1,"href":"https:\/\/inces.gob.ve\/index.php\/wp-json\/wp\/v2\/posts\/42623\/revisions"}],"predecessor-version":[{"id":42631,"href":"https:\/\/inces.gob.ve\/index.php\/wp-json\/wp\/v2\/posts\/42623\/revisions\/42631"}],"wp:featuredmedia":[{"embeddable":true,"href":"https:\/\/inces.gob.ve\/index.php\/wp-json\/wp\/v2\/media\/42624"}],"wp:attachment":[{"href":"https:\/\/inces.gob.ve\/index.php\/wp-json\/wp\/v2\/media?parent=42623"}],"wp:term":[{"taxonomy":"category","embeddable":true,"href":"https:\/\/inces.gob.ve\/index.php\/wp-json\/wp\/v2\/categories?post=42623"},{"taxonomy":"post_tag","embeddable":true,"href":"https:\/\/inces.gob.ve\/index.php\/wp-json\/wp\/v2\/tags?post=42623"}],"curies":[{"name":"wp","href":"https:\/\/api.w.org\/{rel}","templated":true}]}}