{"id":42635,"date":"2022-05-16T10:43:46","date_gmt":"2022-05-16T14:43:46","guid":{"rendered":"https:\/\/inces.gob.ve\/?p=42635"},"modified":"2022-05-16T10:43:46","modified_gmt":"2022-05-16T14:43:46","slug":"zulia-inces-fortalece-lazos-con-la-zona-educativa","status":"publish","type":"post","link":"https:\/\/inces.gob.ve\/index.php\/2022\/05\/16\/zulia-inces-fortalece-lazos-con-la-zona-educativa\/","title":{"rendered":"ZULIA | Inces fortalece lazos con la Zona Educativa"},"content":{"rendered":"<p style=\"text-align: justify;\"><em><strong><span style=\"font-size: 14pt;\">** La meta de atenci\u00f3n es de 33 mil estudiantes de bachillerato<\/span><\/strong><\/em><!--more--><\/p>\n<p>&nbsp;<\/p>\n<p style=\"text-align: justify;\"><span style=\"font-size: 14pt;\">El gerente del Inces Zulia, Jos\u00e9 Vicente Far\u00edas Echeverri, traz\u00f3 una ruta de trabajo junto a la jefa de la Zona Educativa Zulia para la formaci\u00f3n de los estudiantes que egresaran en julio, acreditados como Bachilleres Productivos. Un total de 778 docentes de los grupos Creaci\u00f3n, Recreaci\u00f3n y Producci\u00f3n (CRP) son responsables de atender a los estudiantes y 2.500 alumnos ya son atendidos de manera directa en sus planteles por el Inces.<\/span><\/p>\n<p style=\"text-align: justify;\"><span style=\"font-size: 14pt;\">\u00a0<\/span><\/p>\n<p style=\"text-align: justify;\"><span style=\"font-size: 14pt;\"><img loading=\"lazy\" decoding=\"async\" class=\"aligncenter\" src=\"https:\/\/inces.gob.ve\/wp-content\/uploads\/2022\/05\/A06EC73E-0DDD-4A07-A8D4-B4BA66030984.jpg\" alt=\"\" width=\"1008\" height=\"1008\" \/><\/span><\/p>\n<p>&nbsp;<\/p>\n<p style=\"text-align: justify;\"><span style=\"font-size: 14pt;\">Sin perder la marcha, las pol\u00edticas educativas, que impulsa el Gobierno Nacional avanzan en el Zulia, a trav\u00e9s de la dupla que integran el Instituto Nacional de Capacitaci\u00f3n y Educaci\u00f3n Socialista (Inces) junto a la Zona Educativa, que como un solo equipo promueven el cumplimiento de la meta en la entidad, de capacitaci\u00f3n y acreditaci\u00f3n de un aproximado de 33 mil estudiantes del quinto a\u00f1o, en algunos de los perfiles productivos que promueve la instituci\u00f3n, por tanto el gerente regional del Inces Zulia se reuni\u00f3 con la doctora Dorelis Echeto, jefe de la Zona Educativa Zulia, \u00a0para trazar la ruta de trabajo.<\/span><\/p>\n<p style=\"text-align: justify;\">\n<p style=\"text-align: justify;\"><span style=\"font-size: 14pt;\">\u201cSomos un solo equipo, el Inces Zulia y Zona Educativa, comprometidos con cumplir la instrucci\u00f3n del presidente Nicol\u00e1s Maduro, de busca desarrollar las capacidades, competencias y habilidades en los cursantes del quinto a\u00f1o, bajo la experiencia del Bachillerato Productivo, que les permita a nuestros j\u00f3venes ejecutar emprendimientos o ingresar inmediatamente al campo laboral, al momento de egresar de sus planteles, contribuyendo al plan de recuperaci\u00f3n\u00a0 econ\u00f3mica nacional, con el respaldo de un certificado que lo acredita como portador de una formaci\u00f3n t\u00e9cnica profesional, reconocida internacionalmente y con el aval de la Unesco\u201d, manifest\u00f3 Jos\u00e9 Vicente Far\u00edas Echeverri.<\/span><\/p>\n<p style=\"text-align: justify;\">\n<p style=\"text-align: justify;\"><span style=\"font-size: 14pt;\">El gerente regional inform\u00f3 que junto a la jefe de la Zona Educativa Zulia se acordaron estrategias de trabajo, para cumplir con celeridad y eficiencia los procesos formativos, de todos los estudiantes por egresar en el pr\u00f3ximo mes de julio, en la regi\u00f3n, con el respaldo de los 10 Centros de Formaci\u00f3n Socialistas del Inces distribuidos, en las diferentes subregiones zulianas y como respalda el viceministro de Comunidades Educativas y Uni\u00f3n con el Pueblo y presidente de la instituci\u00f3n Wuikelman \u00c1ngel Paredes.<\/span><\/p>\n<p>&nbsp;<\/p>\n<p style=\"text-align: justify;\"><span style=\"font-size: 14pt;\">\u201cHemos atendido en una primera fase a m\u00e1s de 2.500 estudiantes y estamos trabajando con m\u00e1s de 778 docentes de los grupos Creaci\u00f3n, Recreaci\u00f3n y Producci\u00f3n (CRP), responsables de impartir junto a nosotros, los diferentes perfiles de capacitaci\u00f3n, que sin duda otorgan importantes destrezas para el hacer\u201d, afirm\u00f3 Far\u00edas Echeverri.<\/span><\/p>\n","protected":false},"excerpt":{"rendered":"<p>** La meta de atenci\u00f3n es de 33 mil estudiantes de bachillerato<\/p>\n","protected":false},"author":4,"featured_media":42637,"comment_status":"closed","ping_status":"closed","sticky":false,"template":"","format":"standard","meta":{"footnotes":""},"categories":[2],"tags":[],"class_list":["post-42635","post","type-post","status-publish","format-standard","has-post-thumbnail","hentry","category-blog"],"_links":{"self":[{"href":"https:\/\/inces.gob.ve\/index.php\/wp-json\/wp\/v2\/posts\/42635","targetHints":{"allow":["GET"]}}],"collection":[{"href":"https:\/\/inces.gob.ve\/index.php\/wp-json\/wp\/v2\/posts"}],"about":[{"href":"https:\/\/inces.gob.ve\/index.php\/wp-json\/wp\/v2\/types\/post"}],"author":[{"embeddable":true,"href":"https:\/\/inces.gob.ve\/index.php\/wp-json\/wp\/v2\/users\/4"}],"replies":[{"embeddable":true,"href":"https:\/\/inces.gob.ve\/index.php\/wp-json\/wp\/v2\/comments?post=42635"}],"version-history":[{"count":1,"href":"https:\/\/inces.gob.ve\/index.php\/wp-json\/wp\/v2\/posts\/42635\/revisions"}],"predecessor-version":[{"id":42638,"href":"https:\/\/inces.gob.ve\/index.php\/wp-json\/wp\/v2\/posts\/42635\/revisions\/42638"}],"wp:featuredmedia":[{"embeddable":true,"href":"https:\/\/inces.gob.ve\/index.php\/wp-json\/wp\/v2\/media\/42637"}],"wp:attachment":[{"href":"https:\/\/inces.gob.ve\/index.php\/wp-json\/wp\/v2\/media?parent=42635"}],"wp:term":[{"taxonomy":"category","embeddable":true,"href":"https:\/\/inces.gob.ve\/index.php\/wp-json\/wp\/v2\/categories?post=42635"},{"taxonomy":"post_tag","embeddable":true,"href":"https:\/\/inces.gob.ve\/index.php\/wp-json\/wp\/v2\/tags?post=42635"}],"curies":[{"name":"wp","href":"https:\/\/api.w.org\/{rel}","templated":true}]}}