{"id":42659,"date":"2022-05-17T08:09:36","date_gmt":"2022-05-17T12:09:36","guid":{"rendered":"https:\/\/inces.gob.ve\/?p=42659"},"modified":"2022-05-17T08:09:36","modified_gmt":"2022-05-17T12:09:36","slug":"trujillo-pna-incorpora-a-aprendices-para-prepararse-como-asistentes-administrativos","status":"publish","type":"post","link":"https:\/\/inces.gob.ve\/index.php\/2022\/05\/17\/trujillo-pna-incorpora-a-aprendices-para-prepararse-como-asistentes-administrativos\/","title":{"rendered":"TRUJILLO | PNA Incorpora a aprendices para prepararse como asistentes administrativos"},"content":{"rendered":"<p style=\"text-align: justify;\"><span style=\"font-size: 14pt;\"><em><strong>** El gerente regional del Inces Trujillo Alexis Brice\u00f1o, la\u00a0 jefe de Divisi\u00f3n de Formaci\u00f3n Profesional, Lirolaxa La Cruz,\u00a0 la coordinadora del Programa Nacional de Aprendizaje, Evelin Segovia y la \u00a0analista de recursos humanos del Supermercados Caracas, Jeinmy Arraiz \u00a0asistieron al acto junto a 45 aprendices<\/strong><\/em><!--more--><\/span><\/p>\n<p style=\"text-align: justify;\">\n<p style=\"text-align: justify;\">\n<p style=\"text-align: justify;\"><span style=\"font-size: 14pt;\">El Instituto Nacional de Capacitaci\u00f3n y Educaci\u00f3n Socialista (Inces) de Trujillo efectu\u00f3 la primera incorporaci\u00f3n de 45 Aprendices a\u00f1o 2022 al Programa Nacional de Aprendizaje (PNA) evento que se desarroll\u00f3 en las instalaciones del auditorio \u201cLuis Beltr\u00e1n Prieto Figueroa\u201d.<\/span><\/p>\n<p style=\"text-align: justify;\">\n<p style=\"text-align: justify;\"><span style=\"font-size: 14pt;\">A la cita acudieron el gerente regional del Inces Trujillo Alexis Brice\u00f1o, la\u00a0 jefe de Divisi\u00f3n de Formaci\u00f3n Profesional, Lirolaxa La Cruz,\u00a0 la coordinadora del Programa Nacional de Aprendizaje, Evelin Segovia y la \u00a0analista de recursos humanos del Supermercados Caracas, Jeinmy Arraiz \u00a0asistieron al acto junto a 45 aprendices.<\/span><\/p>\n<p style=\"text-align: justify;\">\n<p style=\"text-align: justify;\"><span style=\"font-size: 14pt;\">El l\u00edder del Inces Trujillo le dio la bienvenida a las entidades de trabajo que decidieron apoyar a estos j\u00f3venes destacando que esta oportunidad debe ser aprovechada \u201cm\u00e1s ahora, cuando el Inces retoma las actividades con normalidad luego de la pausa a la cual debi\u00f3, como todos los organismos, someterse a causa de las exigencias de la pandemia que oblig\u00f3 a tomar medidas de bioseguridad necesarias. El d\u00eda de hoy se traduce en el momento id\u00f3neo para recibir a los seleccionados en los ambientes de formaci\u00f3n acad\u00e9mica, social y humana que les permitir\u00e1 crecer y aportar a un sistema productivo del pa\u00eds.\u201d<\/span><\/p>\n<p style=\"text-align: justify;\">\n<p style=\"text-align: justify;\"><span style=\"font-size: 14pt;\">Acto seguido, la representante de las entidades de trabajo, Jeinmy Arraiz, agradeci\u00f3 en nombre de todas, la oportunidad de ofrecer a j\u00f3venes el desarrollarse en un sistema donde hay planes de vanguardia, en especial ventas y administraci\u00f3n valiosa para quienes asumen la decisi\u00f3n de apoyar a estos j\u00f3venes que son la poblaci\u00f3n de relevo.<\/span><\/p>\n<p style=\"text-align: justify;\">\n<p style=\"text-align: justify;\"><span style=\"font-size: 14pt;\">Las entidades de trabajo son: Panader\u00eda y Pasteler\u00eda Ni\u00f1o Jes\u00fas, Centro Cl\u00ednico de Cirug\u00eda \u201cdoctor Jos\u00e9 Gregorio Hern\u00e1ndez\u201d, Central Cafetero \u201cFlor de Patria Geronimo Brice\u00f1o\u201d, Comercializadora La Valerana, Dismolca, Distribuidora Ridolfo, Editorial Diario de Los Andes, Industrial Kel, Inversiones ni\u00f1o Jes\u00fas de Nelson Ter\u00e1n, J.P. Alimentos,La Verna, Lodisca Los Andes, Nardi Industrias Trujillo, Panader\u00eda La Espa\u00f1ola, S.A Importaciones y Distribuciones, Sistema Hidr\u00e1ulico Trujillano, y Supermercado Caracas.<\/span><\/p>\n<p style=\"text-align: justify;\">\n<p style=\"text-align: justify;\"><span style=\"font-size: 14pt;\">De inmediato se procedi\u00f3 a la firma de contrato entre una de las entidades de trabajo y una de las aprendices que se suma al grupo de 45 participantes al curso de Asistente Administrativo con lo cual se le dio fin al acto de incorporaci\u00f3n de aprendices para este periodo en el Inces-Trujillo.<\/span><\/p>\n<p style=\"text-align: justify;\">\n","protected":false},"excerpt":{"rendered":"<p>** El gerente regional del Inces Trujillo Alexis Brice\u00f1o, la\u00a0 jefe de Divisi\u00f3n de Formaci\u00f3n Profesional, Lirolaxa La Cruz,\u00a0 la coordinadora del Programa Nacional de Aprendizaje, Evelin Segovia y la \u00a0analista de recursos humanos del Supermercados Caracas, Jeinmy Arraiz \u00a0asistieron al acto junto a 45 aprendices<\/p>\n","protected":false},"author":4,"featured_media":42660,"comment_status":"closed","ping_status":"closed","sticky":false,"template":"","format":"standard","meta":{"footnotes":""},"categories":[2],"tags":[],"class_list":["post-42659","post","type-post","status-publish","format-standard","has-post-thumbnail","hentry","category-blog"],"_links":{"self":[{"href":"https:\/\/inces.gob.ve\/index.php\/wp-json\/wp\/v2\/posts\/42659","targetHints":{"allow":["GET"]}}],"collection":[{"href":"https:\/\/inces.gob.ve\/index.php\/wp-json\/wp\/v2\/posts"}],"about":[{"href":"https:\/\/inces.gob.ve\/index.php\/wp-json\/wp\/v2\/types\/post"}],"author":[{"embeddable":true,"href":"https:\/\/inces.gob.ve\/index.php\/wp-json\/wp\/v2\/users\/4"}],"replies":[{"embeddable":true,"href":"https:\/\/inces.gob.ve\/index.php\/wp-json\/wp\/v2\/comments?post=42659"}],"version-history":[{"count":1,"href":"https:\/\/inces.gob.ve\/index.php\/wp-json\/wp\/v2\/posts\/42659\/revisions"}],"predecessor-version":[{"id":42661,"href":"https:\/\/inces.gob.ve\/index.php\/wp-json\/wp\/v2\/posts\/42659\/revisions\/42661"}],"wp:featuredmedia":[{"embeddable":true,"href":"https:\/\/inces.gob.ve\/index.php\/wp-json\/wp\/v2\/media\/42660"}],"wp:attachment":[{"href":"https:\/\/inces.gob.ve\/index.php\/wp-json\/wp\/v2\/media?parent=42659"}],"wp:term":[{"taxonomy":"category","embeddable":true,"href":"https:\/\/inces.gob.ve\/index.php\/wp-json\/wp\/v2\/categories?post=42659"},{"taxonomy":"post_tag","embeddable":true,"href":"https:\/\/inces.gob.ve\/index.php\/wp-json\/wp\/v2\/tags?post=42659"}],"curies":[{"name":"wp","href":"https:\/\/api.w.org\/{rel}","templated":true}]}}