{"id":42670,"date":"2022-05-17T08:44:21","date_gmt":"2022-05-17T12:44:21","guid":{"rendered":"https:\/\/inces.gob.ve\/?p=42670"},"modified":"2022-05-17T08:48:16","modified_gmt":"2022-05-17T12:48:16","slug":"zulia-inces-entrego-332-certificaciones-a-personal-del-ministerio-del-poder-popular-para-la-educacion","status":"publish","type":"post","link":"https:\/\/inces.gob.ve\/index.php\/2022\/05\/17\/zulia-inces-entrego-332-certificaciones-a-personal-del-ministerio-del-poder-popular-para-la-educacion\/","title":{"rendered":"ZULIA | Inces entreg\u00f3 332 certificaciones a personal del Ministerio del Poder Popular para la Educaci\u00f3n\u00a0"},"content":{"rendered":"<div dir=\"auto\" style=\"text-align: justify;\"><em><strong><span style=\"font-size: 14pt;\">** Parte de los acreditados cursaron su formaci\u00f3n a distancia en plena pandemia. Los perfiles productivos en los que fueron certificados son: Seguridad, Motivaci\u00f3n al Logro y Expresi\u00f3n Oral. La jefe de la Zona Educativa Zulia felicit\u00f3 al Inces por formalizar el adiestramiento a j\u00f3venes y adultos con eficacia y prontitud<\/span><\/strong><\/em><\/div>\n<p style=\"text-align: justify;\"><span style=\"font-size: 14pt;\"><!--more--><\/span><\/p>\n<div dir=\"auto\" style=\"text-align: justify;\"><\/div>\n<div dir=\"auto\" style=\"text-align: justify;\"><\/div>\n<div dir=\"auto\" style=\"text-align: justify;\"><\/div>\n<div dir=\"auto\" style=\"text-align: justify;\"><span style=\"font-size: 14pt;\">Desde el occidente venezolano, el Instituto Nacional de Capacitaci\u00f3n y Educaci\u00f3n Socialista (Inces) sigue trabajando con dedicaci\u00f3n y esfuerzo sumo, como lo amerita la patria, para forjar un futuro pr\u00f3spero, a trav\u00e9s de la Formaci\u00f3n T\u00e9cnica Profesional. <\/span><\/div>\n<div dir=\"auto\"><\/div>\n<div dir=\"auto\"><\/div>\n<div dir=\"auto\" style=\"text-align: justify;\"><span style=\"font-size: 14pt;\">Como muestra de ello se entregaron, en la sede del Inces Maracaibo, un total de 332 certificados a un nutrido conglomerado de docentes, personal obrero y administrativo dependientes del Ministerio del Poder Popular para la Educaci\u00f3n, que hab\u00edan cursado a\u00f1os atr\u00e1s su formaci\u00f3n y que por efectos de pandemia no hab\u00edan podido recibir el diploma que los avala en diferentes perfiles productivos, acto que presidi\u00f3 Jos\u00e9 Vicente Far\u00edas Echeverri, gerente regional del instituto, junto a la doctora Dorelis Echeto, jefe de la Zona Educativa Zulia.<\/span><\/div>\n<div dir=\"auto\" style=\"text-align: justify;\"><\/div>\n<div dir=\"auto\" style=\"text-align: justify;\"><\/div>\n<div dir=\"auto\" style=\"text-align: justify;\"><span style=\"font-size: 14pt;\">Al respecto, Jos\u00e9 Vicente Far\u00edas Echeverri, manifest\u00f3 que nuestro objetivo ser\u00e1 siempre transformar las dificultades en oportunidades a trav\u00e9s de la capacitaci\u00f3n y en el actual contexto, vale la pena resaltar, cada uno de los participantes de las diferentes formaciones demostr\u00f3 su inter\u00e9s de contribuir con la mejora de la calidad de vida de su entorno, al optar por sumar\u00a0 herramientas para avanzar en el \u00e1mbito laboral y personal, una muestra loable y digna de reconocimiento, afirm\u00f3.<\/span><\/div>\n<div dir=\"auto\"><\/div>\n<div dir=\"auto\" style=\"text-align: justify;\"><\/div>\n<div dir=\"auto\" style=\"text-align: justify;\"><\/div>\n<div dir=\"auto\" style=\"text-align: justify;\"><span style=\"font-size: 14pt;\"><img loading=\"lazy\" decoding=\"async\" class=\"aligncenter\" src=\"https:\/\/inces.gob.ve\/wp-content\/uploads\/2022\/05\/unnamed-1024x768.jpg\" alt=\"\" width=\"640\" height=\"480\" \/><\/span><\/div>\n<div dir=\"auto\" style=\"text-align: justify;\"><\/div>\n<div dir=\"auto\"><\/div>\n<div dir=\"auto\" style=\"text-align: justify;\"><span style=\"font-size: 14pt;\">Los acreditados, en algunas formaciones, se capacitaron a distancia en plena pandemia, en \u00e1reas como: Seguridad, Motivaci\u00f3n al Logro y Expresi\u00f3n Oral y otras.<\/span><\/div>\n<div dir=\"auto\" style=\"text-align: justify;\"><\/div>\n<div dir=\"auto\" style=\"text-align: justify;\"><\/div>\n<div dir=\"auto\" style=\"text-align: justify;\"><span style=\"font-size: 14pt;\">La jefa de la Zona Educativa Zulia felicit\u00f3 a las autoridades del Inces, liderado por el viceministro Wuikelman \u00c1ngel Paredes, por formalizar el adiestramiento de j\u00f3venes y adultos con eficacia y prontitud.<\/span><\/div>\n<div dir=\"auto\" style=\"text-align: justify;\"><\/div>\n<div dir=\"auto\" style=\"text-align: justify;\"><\/div>\n<div dir=\"auto\" style=\"text-align: justify;\"><span style=\"font-size: 14pt;\">La meta del Inces Zulia es clara, forjan d\u00eda tras d\u00eda la labor formativa con conciencia productiva en cada ni\u00f1o, ni\u00f1a, joven y adulto de la entidad, labor que se practica con \u00e9tica y m\u00edstica, desde los 10 Centros de Formaci\u00f3n Socialista en el estado, al igual que en los territorios y bajo diferentes modalidades, para facilitar el acceso a herramientas para el hacer.<\/span><\/div>\n","protected":false},"excerpt":{"rendered":"<p>** Parte de los acreditados cursaron su formaci\u00f3n a distancia en plena pandemia. Los perfiles productivos en los que fueron certificados son: Seguridad, Motivaci\u00f3n al Logro y Expresi\u00f3n Oral. La jefe de la Zona Educativa Zulia felicit\u00f3 al Inces por formalizar el adiestramiento a j\u00f3venes y adultos con eficacia y prontitud<\/p>\n","protected":false},"author":4,"featured_media":42671,"comment_status":"closed","ping_status":"closed","sticky":false,"template":"","format":"standard","meta":{"footnotes":""},"categories":[2],"tags":[],"class_list":["post-42670","post","type-post","status-publish","format-standard","has-post-thumbnail","hentry","category-blog"],"_links":{"self":[{"href":"https:\/\/inces.gob.ve\/index.php\/wp-json\/wp\/v2\/posts\/42670","targetHints":{"allow":["GET"]}}],"collection":[{"href":"https:\/\/inces.gob.ve\/index.php\/wp-json\/wp\/v2\/posts"}],"about":[{"href":"https:\/\/inces.gob.ve\/index.php\/wp-json\/wp\/v2\/types\/post"}],"author":[{"embeddable":true,"href":"https:\/\/inces.gob.ve\/index.php\/wp-json\/wp\/v2\/users\/4"}],"replies":[{"embeddable":true,"href":"https:\/\/inces.gob.ve\/index.php\/wp-json\/wp\/v2\/comments?post=42670"}],"version-history":[{"count":3,"href":"https:\/\/inces.gob.ve\/index.php\/wp-json\/wp\/v2\/posts\/42670\/revisions"}],"predecessor-version":[{"id":42676,"href":"https:\/\/inces.gob.ve\/index.php\/wp-json\/wp\/v2\/posts\/42670\/revisions\/42676"}],"wp:featuredmedia":[{"embeddable":true,"href":"https:\/\/inces.gob.ve\/index.php\/wp-json\/wp\/v2\/media\/42671"}],"wp:attachment":[{"href":"https:\/\/inces.gob.ve\/index.php\/wp-json\/wp\/v2\/media?parent=42670"}],"wp:term":[{"taxonomy":"category","embeddable":true,"href":"https:\/\/inces.gob.ve\/index.php\/wp-json\/wp\/v2\/categories?post=42670"},{"taxonomy":"post_tag","embeddable":true,"href":"https:\/\/inces.gob.ve\/index.php\/wp-json\/wp\/v2\/tags?post=42670"}],"curies":[{"name":"wp","href":"https:\/\/api.w.org\/{rel}","templated":true}]}}