{"id":42760,"date":"2022-05-20T12:23:08","date_gmt":"2022-05-20T16:23:08","guid":{"rendered":"https:\/\/inces.gob.ve\/?p=42760"},"modified":"2022-05-20T12:23:08","modified_gmt":"2022-05-20T16:23:08","slug":"miranda-inces-participo-en-el-cierre-de-la-consulta-de-ley-de-participacion-estudiantil","status":"publish","type":"post","link":"https:\/\/inces.gob.ve\/index.php\/2022\/05\/20\/miranda-inces-participo-en-el-cierre-de-la-consulta-de-ley-de-participacion-estudiantil\/","title":{"rendered":"MIRANDA | Inces particip\u00f3 en el cierre de la consulta de ley de participaci\u00f3n estudiantil"},"content":{"rendered":"<div id=\":2r9\" class=\"ii gt\">\n<div id=\":2ra\" class=\"a3s aiL \">\n<div dir=\"auto\"><\/div>\n<\/div>\n<div id=\":2ra\" class=\"a3s aiL \">\n<div dir=\"auto\">\n<div dir=\"auto\"><em><strong><span style=\"font-size: 14pt;\">** M\u00e1s de 250 estudiantes hicieron acto de presencia<\/span><\/strong><\/em><\/div>\n<div dir=\"auto\"><\/div>\n<div dir=\"auto\"><span style=\"font-size: 14pt;\">\u00a0<\/span><\/div>\n<\/div>\n<\/div>\n<\/div>\n<p><!--more--><\/p>\n<div dir=\"auto\">\n<div dir=\"auto\"><\/div>\n<div dir=\"auto\"><\/div>\n<div dir=\"auto\" style=\"text-align: justify;\"><span style=\"font-size: 14pt;\">La actividad con motivo de la consulta de la ley de participaci\u00f3n estudiantil se llev\u00f3 a cabo en la U.E.N. Luis Beltr\u00e1n Prieto Figueroa, municipio Sucre, donde estuvieron presentes 250 representantes estudiantiles de la regi\u00f3n.<\/span><\/div>\n<div dir=\"auto\"><\/div>\n<div dir=\"auto\" style=\"text-align: justify;\"><span style=\"font-size: 14pt;\">En la actividad, donde participaron estudiantes Inces , fueron entregadas las opiniones recogidas en los encuentros previos, para que posteriormente tomarlas en cuenta y discutirlas durante la elaboraci\u00f3n del proyecto de ley.<\/span><\/div>\n<div dir=\"auto\"><\/div>\n<div dir=\"auto\" style=\"text-align: justify;\"><span style=\"font-size: 14pt;\">El documento fue entregado a la diputada a la Asamblea Nacional, Yorami Quintero.<\/span><\/div>\n<div dir=\"auto\"><\/div>\n<div dir=\"auto\" style=\"text-align: justify;\"><\/div>\n<div dir=\"auto\" style=\"text-align: justify;\"><span style=\"font-size: 14pt;\">Esta ley busca defender, proteger y garantizar la educaci\u00f3n como derecho humano y como deber, as\u00ed como motivar la formulaci\u00f3n ejecuci\u00f3n y control de las pol\u00edticas p\u00fablicas en materia de educaci\u00f3n, de conformidad con lo establecido en la Carta Magna, y en procura rescatar los aportes de la lucha estudiantil.<\/span><\/div>\n<div dir=\"auto\"><\/div>\n<div dir=\"auto\" style=\"text-align: justify;\"><\/div>\n<div dir=\"auto\" style=\"text-align: justify;\"><span style=\"font-size: 14pt;\">Participaron en el cierre el diputado legislativo Gilbert P\u00e9rez, la diputada Yeureska de la Rosa, la diputada Yurami Quintero, la secretaria de juventud Alexandra Blanco, la jefa de la Divisi\u00f3n de Comunidades Educativas y Uni\u00f3n con el Pueblo Carmen Montilla y el gerente regional del Inces Miranda, Erick Vera.<\/span><\/div>\n<\/div>\n<div class=\"yj6qo\" style=\"text-align: justify;\"><\/div>\n<div class=\"adL\" style=\"text-align: justify;\"><\/div>\n<p>&nbsp;<\/p>\n<div id=\":18c\" class=\"hq gt\" style=\"text-align: justify;\"><\/div>\n","protected":false},"excerpt":{"rendered":"<p>** M\u00e1s de 250 estudiantes hicieron acto de presencia \u00a0<\/p>\n","protected":false},"author":4,"featured_media":42761,"comment_status":"closed","ping_status":"closed","sticky":false,"template":"","format":"standard","meta":{"footnotes":""},"categories":[2],"tags":[],"class_list":["post-42760","post","type-post","status-publish","format-standard","has-post-thumbnail","hentry","category-blog"],"_links":{"self":[{"href":"https:\/\/inces.gob.ve\/index.php\/wp-json\/wp\/v2\/posts\/42760","targetHints":{"allow":["GET"]}}],"collection":[{"href":"https:\/\/inces.gob.ve\/index.php\/wp-json\/wp\/v2\/posts"}],"about":[{"href":"https:\/\/inces.gob.ve\/index.php\/wp-json\/wp\/v2\/types\/post"}],"author":[{"embeddable":true,"href":"https:\/\/inces.gob.ve\/index.php\/wp-json\/wp\/v2\/users\/4"}],"replies":[{"embeddable":true,"href":"https:\/\/inces.gob.ve\/index.php\/wp-json\/wp\/v2\/comments?post=42760"}],"version-history":[{"count":1,"href":"https:\/\/inces.gob.ve\/index.php\/wp-json\/wp\/v2\/posts\/42760\/revisions"}],"predecessor-version":[{"id":42762,"href":"https:\/\/inces.gob.ve\/index.php\/wp-json\/wp\/v2\/posts\/42760\/revisions\/42762"}],"wp:featuredmedia":[{"embeddable":true,"href":"https:\/\/inces.gob.ve\/index.php\/wp-json\/wp\/v2\/media\/42761"}],"wp:attachment":[{"href":"https:\/\/inces.gob.ve\/index.php\/wp-json\/wp\/v2\/media?parent=42760"}],"wp:term":[{"taxonomy":"category","embeddable":true,"href":"https:\/\/inces.gob.ve\/index.php\/wp-json\/wp\/v2\/categories?post=42760"},{"taxonomy":"post_tag","embeddable":true,"href":"https:\/\/inces.gob.ve\/index.php\/wp-json\/wp\/v2\/tags?post=42760"}],"curies":[{"name":"wp","href":"https:\/\/api.w.org\/{rel}","templated":true}]}}