{"id":42802,"date":"2022-05-24T13:42:31","date_gmt":"2022-05-24T17:42:31","guid":{"rendered":"https:\/\/inces.gob.ve\/?p=42802"},"modified":"2022-05-24T13:45:51","modified_gmt":"2022-05-24T17:45:51","slug":"aragua-inces-avanza-segun-las-lineas-estrategicas-para-acreditacion-y-formacion","status":"publish","type":"post","link":"https:\/\/inces.gob.ve\/index.php\/2022\/05\/24\/aragua-inces-avanza-segun-las-lineas-estrategicas-para-acreditacion-y-formacion\/","title":{"rendered":"ARAGUA | Inces avanza seg\u00fan las l\u00edneas estrat\u00e9gicas para acreditaci\u00f3n y formaci\u00f3n"},"content":{"rendered":"<p align=\"justify\"><span style=\"font-size: 14pt;\"><span style=\"color: #000000;\"><span style=\"font-family: Georgia,serif;\"><i><b>** Los jefes de los centros de formaci\u00f3n se organizaron en mesas de trabajo para hacer seguimiento a las orientaciones Inces 2022<\/b><\/i><\/span><\/span><!--more--><\/span><\/p>\n<p align=\"justify\"><span style=\"color: #000000; font-size: 14pt;\">\u00a0<\/span><\/p>\n<p align=\"justify\"><span style=\"color: #000000; font-size: 14pt;\"><span style=\"font-family: Georgia,serif;\">NINOSKA PATRIZ<\/span><\/span><\/p>\n<p align=\"justify\"><span style=\"color: #000000; font-size: 14pt;\"><span style=\"font-family: Georgia,serif;\">El gerente regional del Inces Aragua, Oliver Medina y la jefa de Formaci\u00f3n Profesional Yelitza Rodr\u00edguez coordinaron una reuni\u00f3n especial con el equipo de trabajo conformado por los jefes de Centro, Unidades y Programas. Durante la misma se discuti\u00f3 el seguimiento realizado a los lineamientos girados en torno a la formaci\u00f3n y acreditaci\u00f3n de saberes a los estudiantes de 4to y 5to a\u00f1o de Bachillerato. Del mismo modo se destac\u00f3 el esfuerzo realizado para fortalecer el desarrollo de los emprendedores del estado.<\/span><\/span><\/p>\n<p align=\"justify\"><span style=\"color: #000000; font-size: 14pt;\">\u00a0<\/span><\/p>\n<p align=\"justify\"><span style=\"color: #000000; font-size: 14pt;\">\u201c<span style=\"font-family: Georgia,serif;\">La potenciaci\u00f3n de las fuerzas productivas de trabajo del estado y el desarrollo integral de nuestros j\u00f3venes son nuestra prioridad\u201d, resalt\u00f3 el gerente del Inces Aragua, en atenci\u00f3n al encuentro especial con su equipo de trabajo, donde se discuti\u00f3 el trabajo realizado para cumplir con las orientaciones del primer mandatario del Gobierno Nacional, Nicol\u00e1s Maduro y el titular del Inces, Wuikelman Angel Paredes.<\/span><\/span><\/p>\n<p align=\"justify\"><span style=\"color: #000000; font-size: 14pt;\"><img loading=\"lazy\" decoding=\"async\" class=\"wp-image-42804 size-full aligncenter\" src=\"https:\/\/inces.gob.ve\/wp-content\/uploads\/2022\/05\/lineas-estrategicas-acreditacion-3--e1653414082949.jpeg\" alt=\"\" width=\"540\" height=\"534\" \/>\u00a0<\/span><span style=\"color: #000000; font-size: 14pt;\"><span style=\"font-family: Georgia,serif;\">Del mismo modo se evalu\u00f3 el comportamiento del beneficio del comedor, el buen desarrollo del servicio m\u00e9dico, la asistencia general del personal en tiempos de pandemia, el fiel cumplimiento al tema de la bioseguridad y la b\u00fasqueda de mejoras para los empleados, en relaci\u00f3n con los 432 trabajadores activos, entre otros temas varios.<\/span><\/span><\/p>\n<p align=\"justify\"><span style=\"color: #000000; font-size: 14pt;\"> <img loading=\"lazy\" decoding=\"async\" class=\"aligncenter wp-image-42808 size-full\" src=\"https:\/\/inces.gob.ve\/wp-content\/uploads\/2022\/05\/lineas-estrategicas-acreditacion-1-e1653414306514.jpeg\" alt=\"\" width=\"800\" height=\"550\" \/><\/span><\/p>\n<p align=\"justify\"><span style=\"color: #000000; font-size: 14pt;\"><span style=\"font-family: Georgia,serif;\">Por su parte, la jefa de Formaci\u00f3n Profesional, Yelitza Rodr\u00edguez, refiri\u00f3 su agradecimiento por el excelente trabajo realizado con los 5.343 participantes y estudiantes, en cuanto a su registro en los diversos espacios formativos Inces con un total de 1.707 acreditados, 1.316 formados y 2.323 en formaci\u00f3n, 1.291 docentes atendidos, 826 acreditados y 465 formados y 3.304 emprendedores, punteando en los municipios Libertador, Bol\u00edvar Costa de Oro y Girardot, siendo las ocupaciones productivas m\u00e1s de mayor solicitud: Vendedor, Cocina dom\u00e9stica, Repostero Corte y Costura.<\/span><\/span><\/p>\n<p align=\"justify\"><span style=\"color: #000000; font-size: 14pt;\">\u00a0<\/span><\/p>\n<p align=\"justify\"><span style=\"color: #000000; font-size: 14pt;\">\u201c<span style=\"font-family: Georgia,serif;\">Nuestro norte sigue siendo el disminuir las debilidades administrativas que se presentan en la actualidad para ajustar los procesos de acuerdo con la automatizaci\u00f3n requerida dentro del marco de trabajo, visibilizando el cumplimiento con la educaci\u00f3n productiva, escolar, familiar y comunal\u201d, finaliz\u00f3 Rodr\u00edguez.\u00a0\u00a0<\/span><\/span><\/p>\n<p align=\"justify\">\n","protected":false},"excerpt":{"rendered":"<p>** Los jefes de los centros de formaci\u00f3n se organizaron en mesas de trabajo para hacer seguimiento a las orientaciones Inces 2022<\/p>\n","protected":false},"author":4,"featured_media":42803,"comment_status":"closed","ping_status":"closed","sticky":false,"template":"","format":"standard","meta":{"footnotes":""},"categories":[2],"tags":[],"class_list":["post-42802","post","type-post","status-publish","format-standard","has-post-thumbnail","hentry","category-blog"],"_links":{"self":[{"href":"https:\/\/inces.gob.ve\/index.php\/wp-json\/wp\/v2\/posts\/42802","targetHints":{"allow":["GET"]}}],"collection":[{"href":"https:\/\/inces.gob.ve\/index.php\/wp-json\/wp\/v2\/posts"}],"about":[{"href":"https:\/\/inces.gob.ve\/index.php\/wp-json\/wp\/v2\/types\/post"}],"author":[{"embeddable":true,"href":"https:\/\/inces.gob.ve\/index.php\/wp-json\/wp\/v2\/users\/4"}],"replies":[{"embeddable":true,"href":"https:\/\/inces.gob.ve\/index.php\/wp-json\/wp\/v2\/comments?post=42802"}],"version-history":[{"count":4,"href":"https:\/\/inces.gob.ve\/index.php\/wp-json\/wp\/v2\/posts\/42802\/revisions"}],"predecessor-version":[{"id":42810,"href":"https:\/\/inces.gob.ve\/index.php\/wp-json\/wp\/v2\/posts\/42802\/revisions\/42810"}],"wp:featuredmedia":[{"embeddable":true,"href":"https:\/\/inces.gob.ve\/index.php\/wp-json\/wp\/v2\/media\/42803"}],"wp:attachment":[{"href":"https:\/\/inces.gob.ve\/index.php\/wp-json\/wp\/v2\/media?parent=42802"}],"wp:term":[{"taxonomy":"category","embeddable":true,"href":"https:\/\/inces.gob.ve\/index.php\/wp-json\/wp\/v2\/categories?post=42802"},{"taxonomy":"post_tag","embeddable":true,"href":"https:\/\/inces.gob.ve\/index.php\/wp-json\/wp\/v2\/tags?post=42802"}],"curies":[{"name":"wp","href":"https:\/\/api.w.org\/{rel}","templated":true}]}}