{"id":42848,"date":"2022-05-13T23:15:39","date_gmt":"2022-05-14T03:15:39","guid":{"rendered":"https:\/\/inces.gob.ve\/?p=42848"},"modified":"2022-05-24T23:21:48","modified_gmt":"2022-05-25T03:21:48","slug":"miranda-inces-entrego-combo-de-alimentos-a-sus-trabajadores","status":"publish","type":"post","link":"https:\/\/inces.gob.ve\/index.php\/2022\/05\/13\/miranda-inces-entrego-combo-de-alimentos-a-sus-trabajadores\/","title":{"rendered":"MIRANDA | Inces entreg\u00f3 combo de alimentos a sus trabajadores"},"content":{"rendered":"<div dir=\"auto\" style=\"text-align: justify;\"><strong><em><span style=\"font-size: 14pt;\">** Esta ardua labor se efect\u00faa gracias a los continuos esfuerzos que realiza el presidente del Inces Wuikelman Angel Paredes<\/span><\/em><\/strong><\/div>\n<p><!--more--><\/p>\n<div dir=\"auto\"><\/div>\n<div dir=\"auto\" style=\"text-align: justify;\"><span style=\"font-size: 14pt;\">Se inici\u00f3 el proceso de entrega del beneficio de alimentaci\u00f3n al personal del Inces Miranda en el edificio Inces, ubicada en la 2da transversal de los cortijos del municipio Sucre.\u00a0<\/span><\/div>\n<div dir=\"auto\" style=\"text-align: justify;\"><\/div>\n<div dir=\"auto\" style=\"text-align: justify;\"><span style=\"font-size: 14pt;\">Durante la entrega se mantuvieron los protocolos de seguridad sanitaria para evitar posibles contagios del COVID-19. <\/span><\/div>\n<div dir=\"auto\"><\/div>\n<div dir=\"auto\" style=\"text-align: justify;\"><span style=\"font-size: 14pt;\">M\u00e1s de 270 trabajadores recibieron arroz, harina de ma\u00edz, pasta, sardinas, entre otros rubros indispensables para la dieta diaria.\u00a0<\/span><\/div>\n<div dir=\"auto\" style=\"text-align: justify;\"><\/div>\n<div dir=\"auto\" style=\"text-align: justify;\"><span style=\"font-size: 14pt;\">El gerente regional Erick Vera destac\u00f3: \u00abEstamos entregando suplementos alimenticios a los trabajadores y trabajadoras, que gracias al trabajo realizado por el presidente del Inces Wuikelman Angel Paredes, de la mano con nuestro gobierno Bolivariano y el presidente obrero Nicol\u00e1s Maduro, se le da a la clase trabajadora, que d\u00eda a d\u00eda lucha por un mejor pa\u00eds y apuestan por una Venezuela productiva , una Venezuela mejor\u00bb.<\/span><\/div>\n<div class=\"yj6qo\" style=\"text-align: justify;\"><\/div>\n<div class=\"adL\" dir=\"auto\" style=\"text-align: justify;\"><\/div>\n","protected":false},"excerpt":{"rendered":"<p>** Esta ardua labor se efect\u00faa gracias a los continuos esfuerzos que realiza el presidente del Inces Wuikelman Angel Paredes<\/p>\n","protected":false},"author":4,"featured_media":42849,"comment_status":"closed","ping_status":"closed","sticky":false,"template":"","format":"standard","meta":{"footnotes":""},"categories":[2],"tags":[],"class_list":["post-42848","post","type-post","status-publish","format-standard","has-post-thumbnail","hentry","category-blog"],"_links":{"self":[{"href":"https:\/\/inces.gob.ve\/index.php\/wp-json\/wp\/v2\/posts\/42848","targetHints":{"allow":["GET"]}}],"collection":[{"href":"https:\/\/inces.gob.ve\/index.php\/wp-json\/wp\/v2\/posts"}],"about":[{"href":"https:\/\/inces.gob.ve\/index.php\/wp-json\/wp\/v2\/types\/post"}],"author":[{"embeddable":true,"href":"https:\/\/inces.gob.ve\/index.php\/wp-json\/wp\/v2\/users\/4"}],"replies":[{"embeddable":true,"href":"https:\/\/inces.gob.ve\/index.php\/wp-json\/wp\/v2\/comments?post=42848"}],"version-history":[{"count":1,"href":"https:\/\/inces.gob.ve\/index.php\/wp-json\/wp\/v2\/posts\/42848\/revisions"}],"predecessor-version":[{"id":42850,"href":"https:\/\/inces.gob.ve\/index.php\/wp-json\/wp\/v2\/posts\/42848\/revisions\/42850"}],"wp:featuredmedia":[{"embeddable":true,"href":"https:\/\/inces.gob.ve\/index.php\/wp-json\/wp\/v2\/media\/42849"}],"wp:attachment":[{"href":"https:\/\/inces.gob.ve\/index.php\/wp-json\/wp\/v2\/media?parent=42848"}],"wp:term":[{"taxonomy":"category","embeddable":true,"href":"https:\/\/inces.gob.ve\/index.php\/wp-json\/wp\/v2\/categories?post=42848"},{"taxonomy":"post_tag","embeddable":true,"href":"https:\/\/inces.gob.ve\/index.php\/wp-json\/wp\/v2\/tags?post=42848"}],"curies":[{"name":"wp","href":"https:\/\/api.w.org\/{rel}","templated":true}]}}