{"id":42931,"date":"2022-05-26T00:07:52","date_gmt":"2022-05-26T04:07:52","guid":{"rendered":"https:\/\/inces.gob.ve\/?p=42931"},"modified":"2022-05-25T22:56:59","modified_gmt":"2022-05-26T02:56:59","slug":"inces-realizo-jornada-medica-para-el-personal-jubilado-como-preambulo-al-dia-nacional-del-adulto-mayor","status":"publish","type":"post","link":"https:\/\/inces.gob.ve\/index.php\/2022\/05\/26\/inces-realizo-jornada-medica-para-el-personal-jubilado-como-preambulo-al-dia-nacional-del-adulto-mayor\/","title":{"rendered":"Inces realiz\u00f3 jornada m\u00e9dica para el personal jubilado como pre\u00e1mbulo al D\u00eda Nacional del Adulto Mayor"},"content":{"rendered":"<p align=\"justify\"><span style=\"font-size: 14pt;\"><i><b>** En tiempos de coronavirus, uno de los sectores demogr\u00e1ficos que m\u00e1s <\/b><b>ha<\/b><b> sufri<\/b><b>do<\/b><b> <\/b><b>son<\/b><b> los adultos mayores<\/b><\/i><\/span><!--more--><\/p>\n<p align=\"justify\">\n<p align=\"justify\"><span style=\"font-size: 14pt;\"><b>DIMAS P\u00c1EZ<\/b><\/span><\/p>\n<p align=\"justify\"><span style=\"font-size: 14pt;\">Desde el Servicio M\u00e9dico del Instituto Nacional de Capacitaci\u00f3n y Educaci\u00f3n Socialista (Inces), situado en la sede principal del ente, se realiz\u00f3 una jornada m\u00e9dica dirigida al personal jubilado de esa casa de estudio.<\/span><\/p>\n<p align=\"justify\">\n<p align=\"justify\"><span style=\"font-size: 14pt;\">El presidente del Inces Wuikelman Angel, preocupado por las salud de los trabajadores y del personal que durante muchos a\u00f1os prest\u00f3 sus servicios a la instituci\u00f3n, aprob\u00f3 a la Gerencia General de Gesti\u00f3n de Talento Humano, liderada por Nielsy Cabrera, la organizaci\u00f3n de esta jornada donde los jubilados se pudieron hacer ex\u00e1menes de sangre y orina.<\/span><\/p>\n<p align=\"justify\">\n<p align=\"justify\"><span style=\"font-size: 14pt;\">Esta actividad se realiz\u00f3 como parte de la celebraci\u00f3n del D\u00eda Nacional del Adulto Mayor, a celebrarse este pr\u00f3ximo 29 de mayo y que el Inces toma para homenajear a los jubilados. <\/span><\/p>\n<p align=\"justify\">\n<p align=\"justify\"><span style=\"font-size: 14pt;\">Delmira Fern\u00e1ndez, personal jubilado del Inces opin\u00f3: \u201cEsta jornada m\u00e9dica es muy importante, porque los ex\u00e1menes est\u00e1n realmente costosos; por ese motivo le agradezco al presidente del Inces esta iniciativa\u201d.<\/span><\/p>\n<p align=\"justify\">\n<p align=\"justify\"><span style=\"font-size: 14pt;\">Por su parte Henry Andrade, tambi\u00e9n jubilado, declar\u00f3: \u201cEsta jornada cay\u00f3 del cielo, porque tengo m\u00e1s de dos a\u00f1os sin realizarme un examen m\u00e9dico. Le doy gracias a Wuikelman Angel por este operativo y por tomar en cuenta al personal jubilado y todo lo que pueda hacer por nosotros ser\u00e1 bienvenido\u201d.<\/span><\/p>\n<p align=\"justify\">\n<p align=\"justify\"><span style=\"font-size: 14pt;\">El D\u00eda Nacional del Adulto Mayor es una fecha para recordar la historia viva de la sociedad, los cambios que ha vivido Venezuela como pa\u00eds y valorar el esfuerzo de las generaciones que representan las personas de este grupo etario.<\/span><\/p>\n<p align=\"justify\">\n<p align=\"justify\">\n<p align=\"justify\">\n<p align=\"justify\">\n<p align=\"justify\">\n<p align=\"justify\">\n","protected":false},"excerpt":{"rendered":"<p>** En tiempos de coronavirus, uno de los sectores demogr\u00e1ficos que m\u00e1s ha sufrido son los adultos mayores<\/p>\n","protected":false},"author":4,"featured_media":42932,"comment_status":"closed","ping_status":"closed","sticky":false,"template":"","format":"standard","meta":{"footnotes":""},"categories":[2],"tags":[],"class_list":["post-42931","post","type-post","status-publish","format-standard","has-post-thumbnail","hentry","category-blog"],"_links":{"self":[{"href":"https:\/\/inces.gob.ve\/index.php\/wp-json\/wp\/v2\/posts\/42931","targetHints":{"allow":["GET"]}}],"collection":[{"href":"https:\/\/inces.gob.ve\/index.php\/wp-json\/wp\/v2\/posts"}],"about":[{"href":"https:\/\/inces.gob.ve\/index.php\/wp-json\/wp\/v2\/types\/post"}],"author":[{"embeddable":true,"href":"https:\/\/inces.gob.ve\/index.php\/wp-json\/wp\/v2\/users\/4"}],"replies":[{"embeddable":true,"href":"https:\/\/inces.gob.ve\/index.php\/wp-json\/wp\/v2\/comments?post=42931"}],"version-history":[{"count":1,"href":"https:\/\/inces.gob.ve\/index.php\/wp-json\/wp\/v2\/posts\/42931\/revisions"}],"predecessor-version":[{"id":42933,"href":"https:\/\/inces.gob.ve\/index.php\/wp-json\/wp\/v2\/posts\/42931\/revisions\/42933"}],"wp:featuredmedia":[{"embeddable":true,"href":"https:\/\/inces.gob.ve\/index.php\/wp-json\/wp\/v2\/media\/42932"}],"wp:attachment":[{"href":"https:\/\/inces.gob.ve\/index.php\/wp-json\/wp\/v2\/media?parent=42931"}],"wp:term":[{"taxonomy":"category","embeddable":true,"href":"https:\/\/inces.gob.ve\/index.php\/wp-json\/wp\/v2\/categories?post=42931"},{"taxonomy":"post_tag","embeddable":true,"href":"https:\/\/inces.gob.ve\/index.php\/wp-json\/wp\/v2\/tags?post=42931"}],"curies":[{"name":"wp","href":"https:\/\/api.w.org\/{rel}","templated":true}]}}