{"id":42959,"date":"2022-05-26T13:04:31","date_gmt":"2022-05-26T17:04:31","guid":{"rendered":"https:\/\/inces.gob.ve\/?p=42959"},"modified":"2022-05-26T13:04:31","modified_gmt":"2022-05-26T17:04:31","slug":"el-adulto-mayor-como-emprendedor-es-una-realidad","status":"publish","type":"post","link":"https:\/\/inces.gob.ve\/index.php\/2022\/05\/26\/el-adulto-mayor-como-emprendedor-es-una-realidad\/","title":{"rendered":"El adulto mayor como emprendedor es una realidad"},"content":{"rendered":"<p style=\"text-align: justify;\"><span style=\"font-size: 14pt;\"><em><strong>** Las esperanzas e ilusiones de un abuelo para desarrollarse con esfuerzo propio son reanimadas y conducidas desde el Inces en todo el territorio nacional<\/strong><\/em><!--more--><\/span><\/p>\n<p style=\"text-align: justify;\">\n<p style=\"text-align: justify;\"><span style=\"font-size: 14pt;\"><strong>IVALDO RODR\u00cdGUEZ<\/strong><\/span><\/p>\n<p style=\"text-align: justify;\"><span style=\"font-size: 14pt;\">La posibilidad y oportunidad que tiene un adulto mayor para seguir produciendo, si lo desea, y alcanzar metas de satisfacci\u00f3n emotiva y econ\u00f3mica que le permitan alargar su vida productiva, fue el tema que se trat\u00f3 en esta emisi\u00f3n del programa radial Somos Inces, a prop\u00f3sito de celebrarse este domingo 29 de mayo su d\u00eda especial.<\/span><\/p>\n<p style=\"text-align: justify;\">\n<p style=\"text-align: justify;\"><span style=\"font-size: 14pt;\">En efecto, el programa n\u00famero 205 ininterrumpido del espacio radial del Instituto Nacional de Capacitaci\u00f3n y Educaci\u00f3n Socialista (Inces), transmitido por la se\u00f1al nacional de Radio Miraflores, vers\u00f3 sobre esta discreta y noble iniciativa que desde sus inicios adelanta la instituci\u00f3n rectora de la formaci\u00f3n para el trabajo en el pa\u00eds.<\/span><\/p>\n<p style=\"text-align: justify;\">\n<p style=\"text-align: justify;\"><span style=\"font-size: 14pt;\">Para ilustrar y enriquecer el tema fue convocada a la radio la maestra t\u00e9cnica productiva (MTP) del sector textil, Janeth D\u00edaz quien, amparada en su inocultable sensibilidad, manifest\u00f3 que estos arrugaditos participantes gratifican a sus docentes con esa conversi\u00f3n de vida que significa creer que se ha acabado la carrera productiva para de pronto, y como consecuencia de un esfuerzo personal, reavivar el entusiasmo y extender el hermoso sentimiento de sentirse \u00fatil.<\/span><\/p>\n<p style=\"text-align: justify;\">\n<p style=\"text-align: justify;\"><span style=\"font-size: 14pt;\">Est\u00e1 claro que estos alumnos no tienen la chispa y velocidad de los j\u00f3venes, pero circulan por la vida apertrechados de paciencia, experiencia y sabidur\u00eda.<\/span><\/p>\n<p style=\"text-align: justify;\">\n<p style=\"text-align: justify;\"><span style=\"font-size: 14pt;\">La comuni\u00f3n entre abuelos e instituci\u00f3n fluye de manera espont\u00e1nea y simple, toda vez que el Inces, aunque enfoca mucho esfuerzo en los j\u00f3venes de la naci\u00f3n, es una organizaci\u00f3n adulta de 63 a\u00f1os de existencia y por tanto es bien conocida y ponderada por estos receptores.<\/span><\/p>\n<p style=\"text-align: justify;\">\n<p style=\"text-align: justify;\"><span style=\"font-size: 14pt;\">La otra invitada especial al programa fue la MTP Benita Cova, quien se desempe\u00f1a, igualmente en el sector Textil-confecci\u00f3n en el N\u00facleo de Formaci\u00f3n \u00abRafael Angulo\u00bb de La Vega en Caracas.<\/span><\/p>\n<p style=\"text-align: justify;\">\n<p style=\"text-align: justify;\"><span style=\"font-size: 14pt;\">Benita hizo \u00e9nfasis en los procesos que adelanta generalmente el Inces en estos casos, como son la caracterizaci\u00f3n, sistematizaci\u00f3n y evaluaci\u00f3n de conocimientos, procesos indispensables para seguir en la carrera por la certificaci\u00f3n autorizada que extiende el instituto.<\/span><\/p>\n<p style=\"text-align: justify;\">\n<p style=\"text-align: justify;\"><span style=\"font-size: 14pt;\">Record\u00f3 la interlocutora que el Inces cuenta con una maestra de 724 cursos revisados, actualizados. . .y sigue sumando.<\/span><\/p>\n<p style=\"text-align: justify;\">\n<p style=\"text-align: justify;\"><span style=\"font-size: 14pt;\">Finalmente se hizo un enlace con el Centro de Formaci\u00f3n Industrial Bolivariano del estado Sucre, donde la asesora comunicacional Jaimelis Campos entrevist\u00f3 al MTP Landis Carvajal (turismo) quien expres\u00f3 su satisfacci\u00f3n en interactuar con adultos mayores, especialmente por su sentido del respeto y responsabilidad y por lo grato que resulta ense\u00f1ar haciendo con estos abuelos que facilitan el proceso de ense\u00f1anza- aprendizaje propio del Inces a lo largo de sus m\u00e1s de 6 d\u00e9cadas de labores reconocidas e ininterrumpidas.<\/span><\/p>\n","protected":false},"excerpt":{"rendered":"<p>** Las esperanzas e ilusiones de un abuelo para desarrollarse con esfuerzo propio son reanimadas y conducidas desde el Inces en todo el territorio nacional<\/p>\n","protected":false},"author":4,"featured_media":42036,"comment_status":"closed","ping_status":"closed","sticky":false,"template":"","format":"standard","meta":{"footnotes":""},"categories":[2],"tags":[],"class_list":["post-42959","post","type-post","status-publish","format-standard","has-post-thumbnail","hentry","category-blog"],"_links":{"self":[{"href":"https:\/\/inces.gob.ve\/index.php\/wp-json\/wp\/v2\/posts\/42959","targetHints":{"allow":["GET"]}}],"collection":[{"href":"https:\/\/inces.gob.ve\/index.php\/wp-json\/wp\/v2\/posts"}],"about":[{"href":"https:\/\/inces.gob.ve\/index.php\/wp-json\/wp\/v2\/types\/post"}],"author":[{"embeddable":true,"href":"https:\/\/inces.gob.ve\/index.php\/wp-json\/wp\/v2\/users\/4"}],"replies":[{"embeddable":true,"href":"https:\/\/inces.gob.ve\/index.php\/wp-json\/wp\/v2\/comments?post=42959"}],"version-history":[{"count":1,"href":"https:\/\/inces.gob.ve\/index.php\/wp-json\/wp\/v2\/posts\/42959\/revisions"}],"predecessor-version":[{"id":42960,"href":"https:\/\/inces.gob.ve\/index.php\/wp-json\/wp\/v2\/posts\/42959\/revisions\/42960"}],"wp:featuredmedia":[{"embeddable":true,"href":"https:\/\/inces.gob.ve\/index.php\/wp-json\/wp\/v2\/media\/42036"}],"wp:attachment":[{"href":"https:\/\/inces.gob.ve\/index.php\/wp-json\/wp\/v2\/media?parent=42959"}],"wp:term":[{"taxonomy":"category","embeddable":true,"href":"https:\/\/inces.gob.ve\/index.php\/wp-json\/wp\/v2\/categories?post=42959"},{"taxonomy":"post_tag","embeddable":true,"href":"https:\/\/inces.gob.ve\/index.php\/wp-json\/wp\/v2\/tags?post=42959"}],"curies":[{"name":"wp","href":"https:\/\/api.w.org\/{rel}","templated":true}]}}