{"id":42961,"date":"2022-05-26T14:13:31","date_gmt":"2022-05-26T18:13:31","guid":{"rendered":"https:\/\/inces.gob.ve\/?p=42961"},"modified":"2022-05-26T14:24:24","modified_gmt":"2022-05-26T18:24:24","slug":"yaracuy-inces-e-instituciones-publicas-refuerzan-alianzas-para-iniciar-proceso-de-formacion-al-personal","status":"publish","type":"post","link":"https:\/\/inces.gob.ve\/index.php\/2022\/05\/26\/yaracuy-inces-e-instituciones-publicas-refuerzan-alianzas-para-iniciar-proceso-de-formacion-al-personal\/","title":{"rendered":"YARACUY | Inces e instituciones p\u00fablicas refuerzan alianzas para iniciar proceso de formaci\u00f3n al personal\u00a0"},"content":{"rendered":"<p align=\"justify\"><span style=\"font-size: 14pt;\"><span style=\"font-family: Georgia,serif;\"><i><b>***Personal del Inces adelanta reuniones de trabajo con alcald\u00edas del \u00e1rea metropolitana y del sector salud<\/b><\/i><\/span><!--more--><\/span><\/p>\n<p align=\"justify\"><span style=\"font-family: Georgia,serif; font-size: 14pt;\">YOLAICE VARGAS<\/span><\/p>\n<p align=\"justify\"><span style=\"font-family: Georgia,serif; font-size: 14pt;\">Con el firme prop\u00f3sito de seguir avanzando en la formaci\u00f3n t\u00e9cnica profesional, el Instituto Nacional de Capacitaci\u00f3n y Educaci\u00f3n Socialista (Inces) en Yaracuy, adelanta reuniones de cooperaci\u00f3n interinstitucional con alcald\u00edas y hospitales de la entidad, a fin de fijar fechas para lo que ser\u00e1 el proceso de formaci\u00f3n y acreditaciones del personal que labora en las mencionadas dependencias. <\/span><\/p>\n<p align=\"justify\"><span style=\"font-family: Georgia,serif; font-size: 14pt;\">En tal sentido la jefa de Gesti\u00f3n de TAlento Humano\u00a0del Inces, Maigualida M\u00e9ndez, \u00a0sostuvo encuentros con personal de las alcald\u00edas del \u00e1rea Metropolitana (San Felipe, Independencia y Cocorote), en aras de planificar posibles fechas de inicios de los diferentes programas de formaci\u00f3n as\u00ed como la realizaci\u00f3n de jornadas de acreditaci\u00f3n del saber emp\u00edrico que poseen los trabajadores de los diferentes ayuntamientos.<\/span><\/p>\n<p align=\"justify\"><img loading=\"lazy\" decoding=\"async\" class=\"aligncenter wp-image-42965 size-full\" src=\"https:\/\/inces.gob.ve\/wp-content\/uploads\/2022\/05\/proceso-de-formacion-al-personal1-1-1.jpg\" alt=\"\" width=\"464\" height=\"526\" srcset=\"https:\/\/inces.gob.ve\/wp-content\/uploads\/2022\/05\/proceso-de-formacion-al-personal1-1-1.jpg 464w, https:\/\/inces.gob.ve\/wp-content\/uploads\/2022\/05\/proceso-de-formacion-al-personal1-1-1-265x300.jpg 265w\" sizes=\"auto, (max-width: 464px) 100vw, 464px\" \/><\/p>\n<p align=\"justify\"><span style=\"font-family: Georgia,serif; font-size: 14pt;\">La intenci\u00f3n es brindar herramientas al personal para el mejor desempe\u00f1o en el ejercicios de sus funciones, al igual que garantizar que se cumplan con las 3R.Nets emanadas por el presidente de la rep\u00fablica Nicol\u00e1s Maduro, Resistencia, Renacimiento y Revolucionar desde todos los espacios, que permitan la consolidaci\u00f3n de una nueva patria. <\/span><\/p>\n<p align=\"justify\"><span style=\"font-family: Georgia,serif; font-size: 14pt;\">De igual manera el Coordinador del Programa de Formaci\u00f3n Rafael Arias, se reuni\u00f3 con personal directivo del Hospital Central Dr. Pl\u00e1cido Daniel Rodr\u00edguez Rivero, ubicado en el municipio San Felipe, para acordar estrategias que permitan llevar a cabo el proceso formativo as\u00ed como de acreditaci\u00f3n y certificaci\u00f3n de saberes del personal.<img loading=\"lazy\" decoding=\"async\" class=\"aligncenter wp-image-42963 size-full\" src=\"https:\/\/inces.gob.ve\/wp-content\/uploads\/2022\/05\/proceso-de-formacion-al-personal2-e1653588769278.jpg\" alt=\"\" width=\"800\" height=\"600\" \/><\/span><\/p>\n<p align=\"justify\"><span style=\"font-family: Georgia,serif; font-size: 14pt;\">Asimismo, en el encuentro entre el personal m\u00e9dico y el representante del Inces se les particip\u00f3 cuales son los cursos y programas que adelanta el instituto as\u00ed como los saberes que son aptos para certificaci\u00f3n a trav\u00e9s del ente. <\/span><\/p>\n<p align=\"justify\"><span style=\"font-family: Georgia, serif;\"><span style=\"font-size: large;\"><span style=\"font-size: 14pt;\">Es importante mencionar que desde el Inces se contribuye al proceso formativo de la ciudadan\u00eda, quienes desde sus \u00e1mbitos forman parte del desarrollo productivo y econ\u00f3mico de la patria.<\/span> <\/span><\/span><\/p>\n<p align=\"justify\">\n","protected":false},"excerpt":{"rendered":"<p>***Personal del Inces adelanta reuniones de trabajo con alcald\u00edas del \u00e1rea metropolitana y del sector salud<\/p>\n","protected":false},"author":15,"featured_media":42969,"comment_status":"closed","ping_status":"closed","sticky":false,"template":"","format":"standard","meta":{"footnotes":""},"categories":[2],"tags":[],"class_list":["post-42961","post","type-post","status-publish","format-standard","has-post-thumbnail","hentry","category-blog"],"_links":{"self":[{"href":"https:\/\/inces.gob.ve\/index.php\/wp-json\/wp\/v2\/posts\/42961","targetHints":{"allow":["GET"]}}],"collection":[{"href":"https:\/\/inces.gob.ve\/index.php\/wp-json\/wp\/v2\/posts"}],"about":[{"href":"https:\/\/inces.gob.ve\/index.php\/wp-json\/wp\/v2\/types\/post"}],"author":[{"embeddable":true,"href":"https:\/\/inces.gob.ve\/index.php\/wp-json\/wp\/v2\/users\/15"}],"replies":[{"embeddable":true,"href":"https:\/\/inces.gob.ve\/index.php\/wp-json\/wp\/v2\/comments?post=42961"}],"version-history":[{"count":2,"href":"https:\/\/inces.gob.ve\/index.php\/wp-json\/wp\/v2\/posts\/42961\/revisions"}],"predecessor-version":[{"id":42967,"href":"https:\/\/inces.gob.ve\/index.php\/wp-json\/wp\/v2\/posts\/42961\/revisions\/42967"}],"wp:featuredmedia":[{"embeddable":true,"href":"https:\/\/inces.gob.ve\/index.php\/wp-json\/wp\/v2\/media\/42969"}],"wp:attachment":[{"href":"https:\/\/inces.gob.ve\/index.php\/wp-json\/wp\/v2\/media?parent=42961"}],"wp:term":[{"taxonomy":"category","embeddable":true,"href":"https:\/\/inces.gob.ve\/index.php\/wp-json\/wp\/v2\/categories?post=42961"},{"taxonomy":"post_tag","embeddable":true,"href":"https:\/\/inces.gob.ve\/index.php\/wp-json\/wp\/v2\/tags?post=42961"}],"curies":[{"name":"wp","href":"https:\/\/api.w.org\/{rel}","templated":true}]}}