{"id":42989,"date":"2022-05-27T07:58:07","date_gmt":"2022-05-27T11:58:07","guid":{"rendered":"https:\/\/inces.gob.ve\/?p=42989"},"modified":"2022-05-27T08:21:35","modified_gmt":"2022-05-27T12:21:35","slug":"zulia-inces-avanza-con-proceso-de-certificacion-y-formacion-de-493-estudiantes-bajo-el-bachillerato-productivo-en-la-col","status":"publish","type":"post","link":"https:\/\/inces.gob.ve\/index.php\/2022\/05\/27\/zulia-inces-avanza-con-proceso-de-certificacion-y-formacion-de-493-estudiantes-bajo-el-bachillerato-productivo-en-la-col\/","title":{"rendered":"ZULIA | Inces avanza con proceso de certificaci\u00f3n y formaci\u00f3n de 493 estudiantes bajo el bachillerato productivo en la COL"},"content":{"rendered":"<p style=\"text-align: justify;\" align=\"justify\"><em><strong><span style=\"font-size: 14pt;\">** Durante 8 semanas 115 docentes se desplegar\u00e1n en nueve planteles. Los jueves en el municipio Santa Rita para la formaci\u00f3n de los futuros bachilleres productivos. Los j\u00f3venes ser\u00e1n acreditados, certificados y formados en los motores Turismo, Agricultura, Industrial, Banca, Seguros y Finanzas y Telecomunicaciones<\/span><\/strong><\/em><!--more--><\/p>\n<p style=\"text-align: justify;\" align=\"justify\"><span style=\"font-size: 14pt;\"><strong>UNIDAD DE PRENSA INCES ZULIA<\/strong> <\/span><\/p>\n<p style=\"text-align: justify;\" align=\"justify\"><span style=\"font-size: 14pt;\">La meta en el Zulia es clara. Para el Instituto Nacional de Capacitaci\u00f3n y Educaci\u00f3n Socialista (INCES), es la de instruir a 33 mil estudiantes en la entidad, junto a la Zona Educativa Zulia. El gerente del Inces Zulia, Jos\u00e9 Vicente Far\u00edas Echeverri, expres\u00f3 que en la actualidad se trabaja para acreditar, certificar y formar en los motores productivos: Turismo, Agricultura, Industrial, Banca, Seguros y Finanzas y Telecomunicaciones, a 493 estudiantes de quinto a\u00f1o, que est\u00e1n por egresar, bajo el perfil de bachilleres productivos, de nueve liceos del municipio Santa Rita, en la Costa Oriental del Lago de Maracaibo, que al igual que 115 Docente de los Grupos de los Comit\u00e9s de Recreaci\u00f3n y Producci\u00f3n (CRP) dependientes del Ministerio del Poder Popular Para la Educaci\u00f3n y de las Escuelas de Artes y Oficios, son atendidos a trav\u00e9s del Centro de Formaci\u00f3n Socialista del ente, con sede en Cabimas. <\/span><\/p>\n<p style=\"text-align: justify;\" align=\"justify\"><span style=\"font-size: 14pt;\">Camila Lozano, representante de la Organizaci\u00f3n Bolivariana estudiantil (OBE), en la Unidad Educativa General Jos\u00e9 Cenobio Urribarri, de la parroquia El Mene, uno de los planteles atendidos en el municipio de la COL, bajo el programa bachillerato productivo, manifest\u00f3: \u201cEstamos muy agradecidos con el Inces, ya que nos da la oportunidad a los alumnos de tener una certificaci\u00f3n con base en un grupo CRP o con base en un oficio que nos permite optar por mejores resultados en el futuro profesional\u201d, explic\u00f3.<\/span><\/p>\n<p style=\"text-align: justify;\" align=\"justify\"><span style=\"font-size: 14pt;\">Durante un total de 8 semanas, distribuidas en los meses de: mayo, junio y julio, el Centro de Formaci\u00f3n de Cabimas del Inces Zulia, bajo la responsabilidad de C\u00e9sar Zabala, cada jueves se desplegara en las instituciones: Unidad Educativa General Jos\u00e9 Cenobio Urribarri, Unidad Educativa Privada Mar\u00eda Auxiliadora, Unidad Educativa Nacional El Guan\u00e1bano, Unidad Educativa Nacional Jos\u00e9 Isidro, Unidad Educativa Nacional Sim\u00f3n Rodr\u00edguez, Unidad Educativa Privada Rita Lina Arias, CEA Constantino Maradei, CE Carlos Leopoldo Lozano y la Unidad Educativa Nacional Bolivariana Maestra Mar\u00eda Oquendo, ubicadas en las parroquias: El Mene, Santa Rita, Jos\u00e9 Cenovio Urribarri y Pedro Lucas Urribarri, de Santa Rita, uno de los municipios con mayores atractivos tur\u00edsticos y econ\u00f3micos de la regi\u00f3n. <\/span><\/p>\n<p style=\"text-align: justify;\" align=\"justify\"><span style=\"font-size: 14pt;\">Far\u00edas Echeverri resalt\u00f3 que el objetivo es contribuir de manera significativa a mejorar la calidad de vida, a brindar herramientas para el hacer permitir a nuestros j\u00f3venes iniciar emprendimientos o alcanzar certificaciones que le faciliten avanzar en el \u00e1mbito laboral y acad\u00e9mico. \u201cEstamos comprometidos con cumplir la instrucci\u00f3n del presidente Nicol\u00e1s Maduro, con la ministra del Poder Popular para la Educaci\u00f3n, Yelitze Santaella y con el viceministro de Comunidades Educativas y Uni\u00f3n con el Pueblo y presidente de la instituci\u00f3n Wuikelman Angel Paredes, quienes buscan desarrollar las capacidades y competencias en los cursantes del quinto a\u00f1o y que estas experiencias contribuyan al plan de recuperaci\u00f3n econ\u00f3mico nacional\u201d. <\/span><\/p>\n<p style=\"text-align: justify;\" align=\"justify\"><span style=\"font-size: 14pt;\">El Inces Zulia ha atendido, en una primera fase, a m\u00e1s de 2500 estudiantes del quinto a\u00f1o y en la actualidad est\u00e1 trabajando con m\u00e1s de 778 docentes de los grupos Creaci\u00f3n, Recreaci\u00f3n y Producci\u00f3n (CRP), para alcanzar la meta con celeridad y eficiencia en los procesos formativos, de todos los j\u00f3venes por egresar en el pr\u00f3ximo julio, con el respaldo de los 10 Centros de Formaci\u00f3n Socialista del instituto, distribuidos en las diferentes subregiones del estado.<\/span><\/p>\n<p style=\"text-align: justify;\" align=\"justify\"><span style=\"font-size: 14pt;\">5 to a\u00f1o a, nos ayudado mucho, nos sirven para cuando seamos contratados porque nos ense\u00f1an que tenemos deberes y derechos, nuestra seguridad, equipos a usar<\/span><\/p>\n<p style=\"text-align: justify;\" align=\"justify\"><span style=\"font-size: 14pt;\">quinto b, sector La Faria, aportar la ideolog\u00eda del trabajo y un sistema educativo perfecto, nos da la capacidad a los adolescentes de que vamos hacer despu\u00e9s de salir del liceo y ya con este proyecto tenemos un material productivo<\/span><\/p>\n<p style=\"text-align: justify;\" align=\"justify\"><span style=\"font-size: 14pt;\">239 estudiantes <\/span><\/p>\n<p style=\"text-align: justify;\" align=\"justify\"><span style=\"font-size: 14pt;\">Seguridad e higiene<\/span><\/p>\n<p style=\"text-align: justify;\" align=\"justify\"><span style=\"font-size: 14pt;\">Crp cultivos organoponicos, dulcer\u00eda criolla y conservaci\u00f3n de alimentos <\/span><\/p>\n<p style=\"text-align: justify;\" align=\"justify\"><span style=\"font-size: 14pt;\">Paula tubi\u00f1ez l\u00edder de la obe agradecida dictando formaci\u00f3n a los estudiantes le pedimos que nos formaron para que tengamos una ocupaci\u00f3n experiencia ha sido maravillosa gracias al respaldo de los instructores realizar muchas cosas tengamos un certificado sigan creyendo en el inces <\/span><\/p>\n<p style=\"text-align: justify;\" align=\"justify\"><span style=\"font-size: 14pt;\">Jes\u00fas Ram\u00edrez de 24 a\u00f1os Fernando lossada, turno nocturno y educaci\u00f3n de adultos, jesus ramirez de 24 a\u00f1os, elaboraci\u00f3n de pan artesanal la experiencia ha sido fruct\u00edfera y satisfactoria ayudar a emprender y a ense\u00f1ar a mi familia con estos panes. Se preparen para el futuro a trav\u00e9s del inces <\/span><\/p>\n<p style=\"text-align: justify;\" align=\"justify\"><span style=\"font-size: 14pt;\">Cristofer silva, de 17 a\u00f1os, nos ayuda a capacitarnos y nos motivan hacia el trabajo, trabajador y su seguridad, todos los liceos tomen estos cursos tan necesarios para el desempe\u00f1o en el entorno laboral, para evitar incidentes o riesgos <\/span><\/p>\n<p style=\"text-align: justify;\" align=\"justify\"><span style=\"font-size: 14pt;\">Obe mejorar la educaci\u00f3n y nos ayuda hasta emocionalmente el certificado para obtener un trabajo <\/span><\/p>\n<p style=\"text-align: justify;\" align=\"justify\"><span style=\"font-size: 14pt;\">Gilbert Sebriant, 5 to a\u00f1o a, nos ayudado mucho, nos sirven para cuando seamos contratados porque nos ense\u00f1an que tenemos deberes y derechos, nuestra seguridad, equipos a usar <\/span><\/p>\n<p style=\"text-align: justify;\" align=\"justify\"><span style=\"font-size: 14pt;\">Ra\u00fal Becerra, de 16 a\u00f1os, 5 to a\u00f1o A La victoria ergonom\u00eda, que se le qued\u00f3 grabada para sentirme a gusto en el trabajo y conocer las leyes. Ir incursionando y un conocimiento adicional y sumando certificados a nuestro curr\u00edculo medicina. PNA en el \u00e1rea administrativa y sus estudios de medicina <\/span><\/p>\n<p style=\"text-align: justify;\" align=\"justify\"><span style=\"font-size: 14pt;\">Jeanger ramirez, barrio Guaicapuro 16 crp dulcer\u00eda criolla, origen e ingredientes de preparaci\u00f3n y le gustar\u00eda recibir mas capacitaci\u00f3n en \u00e1rea de salud <\/span><\/p>\n<p style=\"text-align: justify;\" align=\"justify\"><span style=\"font-size: 14pt;\">Zaideth matheus, 17 a\u00f1os, 5to B, dulcer\u00eda criolla represente una exposici\u00f3n de 4 estados y aprendi a conservar los frutos y a sembrar y almacenar las semillas <\/span><\/p>\n<p style=\"text-align: justify;\" align=\"justify\"><span style=\"font-size: 14pt;\">Valeria Pineda, 15 a\u00f1os, quinto b, sector La Faria, aportar la ideolog\u00eda del trabajo y un sistema educativo perfecto, nos da la capacidad a los adolescentes de que vamos hacer despu\u00e9s de salir del liceo y ya con este proyecto tenemos un material productivo <\/span><\/p>\n<p style=\"text-align: justify;\" align=\"justify\"><span style=\"font-size: 14pt;\">Avalado internacionalmente y es una oportunidad privilegiada egresar como Bachillerato Productivo <\/span><\/p>\n<p style=\"text-align: justify;\" align=\"justify\"><span style=\"font-size: 14pt;\">Gabriela Nu\u00f1ez, 17 a\u00f1os, estudiante del liceo Victor Capo, agradecer la oportunidad para adquirir conocimiento y obtener un certificado en un oficio t\u00e9cnico profesional eje carpintero y metalico <\/span><\/p>\n<p style=\"text-align: justify;\" align=\"justify\"><span style=\"font-size: 14pt;\">Edisca Gonz\u00e1lez, CFS Panamericano <\/span><\/p>\n<p style=\"text-align: justify;\" align=\"justify\"><span style=\"font-size: 14pt;\">Adriana Martinez, directora gracias por parte de todos los estudiantes de 5 to a\u00f1o, por la funci\u00f3n que ha cumplido el INCES, en su formaci\u00f3n, d\u00e1ndole cumplimiento a la orden presidencial al Bachillerato Productivo, d\u00e1ndole herramientas para salir con elementos para poder obtener recursos econ\u00f3micos para su familia y ellos seguir desarroll\u00e1ndose <\/span><\/p>\n<p style=\"text-align: justify;\" align=\"justify\"><span style=\"font-size: 14pt;\">Ni la lluvia los detiene, para seguir con la formaci\u00f3n <\/span><\/p>\n<p style=\"text-align: justify;\" align=\"justify\"><span style=\"font-size: 14pt;\">Presente curso 20 horas en contacto para evitar accidentes y los invito para determinar los riesgos <\/span><\/p>\n<p style=\"text-align: justify;\" align=\"justify\"><span style=\"font-size: 14pt;\">Camila lozano nos da la oportunidad de obtener una certificaci\u00f3n en base a un grupo crp o en un curso mejores resultados <\/span><\/p>\n<p style=\"text-align: justify;\" align=\"justify\"><span style=\"font-size: 14pt;\">Zaide gonzalez 19 a\u00f1os jose ram\u00f3n yepez nocturno contabilidad b\u00e1sica <\/span><\/p>\n<p style=\"text-align: justify;\" align=\"justify\"><span style=\"font-size: 14pt;\">Nicael tovar 17 a\u00f1os, 5 to periodo, banca y finanza, recursos de contabilidad <\/span><\/p>\n<p style=\"text-align: justify;\" align=\"justify\"><span style=\"font-size: 14pt;\">ergonom\u00eda, que se le qued\u00f3 grabada para sentirme a gusto en el trabajo y conocer las leyes. Ir incursionando y un conocimiento adicional y sumando certificados a nuestro curr\u00edculo medicina. PNA en el \u00e1rea administrativa y sus estudios de medicina<\/span><\/p>\n","protected":false},"excerpt":{"rendered":"<p>** Durante 8 semanas 115 docentes se desplegar\u00e1n en nueve planteles. Los jueves en el municipio Santa Rita para la formaci\u00f3n de los futuros bachilleres productivos. Los j\u00f3venes ser\u00e1n acreditados, certificados y formados en los motores Turismo, Agricultura, Industrial, Banca, Seguros y Finanzas y Telecomunicaciones<\/p>\n","protected":false},"author":4,"featured_media":42990,"comment_status":"closed","ping_status":"closed","sticky":false,"template":"","format":"standard","meta":{"footnotes":""},"categories":[2],"tags":[],"class_list":["post-42989","post","type-post","status-publish","format-standard","has-post-thumbnail","hentry","category-blog"],"_links":{"self":[{"href":"https:\/\/inces.gob.ve\/index.php\/wp-json\/wp\/v2\/posts\/42989","targetHints":{"allow":["GET"]}}],"collection":[{"href":"https:\/\/inces.gob.ve\/index.php\/wp-json\/wp\/v2\/posts"}],"about":[{"href":"https:\/\/inces.gob.ve\/index.php\/wp-json\/wp\/v2\/types\/post"}],"author":[{"embeddable":true,"href":"https:\/\/inces.gob.ve\/index.php\/wp-json\/wp\/v2\/users\/4"}],"replies":[{"embeddable":true,"href":"https:\/\/inces.gob.ve\/index.php\/wp-json\/wp\/v2\/comments?post=42989"}],"version-history":[{"count":2,"href":"https:\/\/inces.gob.ve\/index.php\/wp-json\/wp\/v2\/posts\/42989\/revisions"}],"predecessor-version":[{"id":43000,"href":"https:\/\/inces.gob.ve\/index.php\/wp-json\/wp\/v2\/posts\/42989\/revisions\/43000"}],"wp:featuredmedia":[{"embeddable":true,"href":"https:\/\/inces.gob.ve\/index.php\/wp-json\/wp\/v2\/media\/42990"}],"wp:attachment":[{"href":"https:\/\/inces.gob.ve\/index.php\/wp-json\/wp\/v2\/media?parent=42989"}],"wp:term":[{"taxonomy":"category","embeddable":true,"href":"https:\/\/inces.gob.ve\/index.php\/wp-json\/wp\/v2\/categories?post=42989"},{"taxonomy":"post_tag","embeddable":true,"href":"https:\/\/inces.gob.ve\/index.php\/wp-json\/wp\/v2\/tags?post=42989"}],"curies":[{"name":"wp","href":"https:\/\/api.w.org\/{rel}","templated":true}]}}