{"id":43005,"date":"2022-05-27T12:37:10","date_gmt":"2022-05-27T16:37:10","guid":{"rendered":"https:\/\/inces.gob.ve\/?p=43005"},"modified":"2022-05-27T12:37:10","modified_gmt":"2022-05-27T16:37:10","slug":"carabobo-jovenes-del-semillero-cientifico-inces-participan-en-ruta-robotica","status":"publish","type":"post","link":"https:\/\/inces.gob.ve\/index.php\/2022\/05\/27\/carabobo-jovenes-del-semillero-cientifico-inces-participan-en-ruta-robotica\/","title":{"rendered":"CARABOBO | J\u00f3venes del Semillero Cient\u00edfico Inces participan en Ruta Rob\u00f3tica\u00a0"},"content":{"rendered":"<p style=\"text-align: justify;\"><span style=\"font-size: 14pt;\"><b><i>**\u00a0 Tras previa art\u00edculacion con Fundacite Carabobo<\/i><\/b><\/span><!--more--><\/p>\n<p style=\"text-align: justify;\">\n<p style=\"text-align: justify;\"><span style=\"font-size: 14pt;\"><b>ATILIA CORTEZ CA\u00d1ADA<\/b><\/span><\/p>\n<p style=\"text-align: justify;\"><span style=\"font-weight: 400; font-size: 14pt;\">Un grupo de 18 chicos estudiantes del \u00e1rea de mec\u00e1nica y electr\u00f3nica del Centro de Formaci\u00f3n Socialisra (CFS) Rafael Urdaneta (Inces La Isabelica) participaron en la \u00abRuta Cient\u00edfica Rob\u00f3tica\u00bb del Programa \u00abSemillero Cient\u00edfico\u00bb\u00a0 que adelanta Fundacite Carabobo.<\/span><\/p>\n<p style=\"text-align: justify;\">\n<p style=\"text-align: justify;\"><span style=\"font-weight: 400; font-size: 14pt;\">La actividad tuvo como finalidad instruir a estos 18 j\u00f3venes un el proceso productivo organizacional, para as\u00ed impulsar al sector industrial de la entidad carabobe\u00f1a, adem\u00e1s de promover una Educaci\u00f3n en Procesos Industriales, en este caso la Rob\u00f3tica.<\/span><\/p>\n<p style=\"text-align: justify;\">\n<p><img loading=\"lazy\" decoding=\"async\" class=\"aligncenter wp-image-43007 size-large\" src=\"https:\/\/inces.gob.ve\/wp-content\/uploads\/2022\/05\/IMG-20220511-WA0168-1024x768.jpg\" alt=\"\" width=\"640\" height=\"480\" srcset=\"https:\/\/inces.gob.ve\/wp-content\/uploads\/2022\/05\/IMG-20220511-WA0168-1024x768.jpg 1024w, https:\/\/inces.gob.ve\/wp-content\/uploads\/2022\/05\/IMG-20220511-WA0168-300x225.jpg 300w, https:\/\/inces.gob.ve\/wp-content\/uploads\/2022\/05\/IMG-20220511-WA0168-768x576.jpg 768w, https:\/\/inces.gob.ve\/wp-content\/uploads\/2022\/05\/IMG-20220511-WA0168-136x102.jpg 136w, https:\/\/inces.gob.ve\/wp-content\/uploads\/2022\/05\/IMG-20220511-WA0168.jpg 1080w\" sizes=\"auto, (max-width: 640px) 100vw, 640px\" \/><\/p>\n<p style=\"text-align: justify;\"><span style=\"font-weight: 400; font-size: 14pt;\">Es importante resaltar que est\u00e1 iniciativa es posible a trav\u00e9s de los contenidos construcci\u00f3n de brazo mec\u00e1nico y programaci\u00f3n en inteligencia artificial; dirigido por la empresa de Rob\u00f3tica \u201cTechnology Suppliers\u201d, ubicada en Valencia .<\/span><\/p>\n<p style=\"text-align: justify;\">\n<p style=\"text-align: justify;\"><span style=\"font-weight: 400; font-size: 14pt;\">El trabajo lo hicieron en equipo el presidente de Fundacite, Efra\u00edn Mar\u00edn y el gerente regional del Inces Carabobo, Yorman Rosal, acompa\u00f1ado por Rosendo Yllarramendi jefe del CFA Rafael Urdaneta y de Deivis Aguirre, coordinador regional de Juventud Productiva Inces.<\/span><\/p>\n","protected":false},"excerpt":{"rendered":"<p>**\u00a0 Tras previa art\u00edculacion con Fundacite Carabobo<\/p>\n","protected":false},"author":4,"featured_media":43006,"comment_status":"closed","ping_status":"closed","sticky":false,"template":"","format":"standard","meta":{"footnotes":""},"categories":[2],"tags":[],"class_list":["post-43005","post","type-post","status-publish","format-standard","has-post-thumbnail","hentry","category-blog"],"_links":{"self":[{"href":"https:\/\/inces.gob.ve\/index.php\/wp-json\/wp\/v2\/posts\/43005","targetHints":{"allow":["GET"]}}],"collection":[{"href":"https:\/\/inces.gob.ve\/index.php\/wp-json\/wp\/v2\/posts"}],"about":[{"href":"https:\/\/inces.gob.ve\/index.php\/wp-json\/wp\/v2\/types\/post"}],"author":[{"embeddable":true,"href":"https:\/\/inces.gob.ve\/index.php\/wp-json\/wp\/v2\/users\/4"}],"replies":[{"embeddable":true,"href":"https:\/\/inces.gob.ve\/index.php\/wp-json\/wp\/v2\/comments?post=43005"}],"version-history":[{"count":1,"href":"https:\/\/inces.gob.ve\/index.php\/wp-json\/wp\/v2\/posts\/43005\/revisions"}],"predecessor-version":[{"id":43008,"href":"https:\/\/inces.gob.ve\/index.php\/wp-json\/wp\/v2\/posts\/43005\/revisions\/43008"}],"wp:featuredmedia":[{"embeddable":true,"href":"https:\/\/inces.gob.ve\/index.php\/wp-json\/wp\/v2\/media\/43006"}],"wp:attachment":[{"href":"https:\/\/inces.gob.ve\/index.php\/wp-json\/wp\/v2\/media?parent=43005"}],"wp:term":[{"taxonomy":"category","embeddable":true,"href":"https:\/\/inces.gob.ve\/index.php\/wp-json\/wp\/v2\/categories?post=43005"},{"taxonomy":"post_tag","embeddable":true,"href":"https:\/\/inces.gob.ve\/index.php\/wp-json\/wp\/v2\/tags?post=43005"}],"curies":[{"name":"wp","href":"https:\/\/api.w.org\/{rel}","templated":true}]}}