{"id":43012,"date":"2022-05-24T13:04:26","date_gmt":"2022-05-24T17:04:26","guid":{"rendered":"https:\/\/inces.gob.ve\/?p=43012"},"modified":"2022-05-28T13:08:15","modified_gmt":"2022-05-28T17:08:15","slug":"miranda-inces-realizo-acto-para-festejar-el-dia-de-las-madres","status":"publish","type":"post","link":"https:\/\/inces.gob.ve\/index.php\/2022\/05\/24\/miranda-inces-realizo-acto-para-festejar-el-dia-de-las-madres\/","title":{"rendered":"MIRANDA | Inces realiz\u00f3 acto para festejar el D\u00eda de las Madres"},"content":{"rendered":"<p style=\"text-align: justify;\"><span style=\"font-size: 14pt;\">Con la presencia de las madres trabajadoras, en la terraza de Colombeia, edificio Inces de los Cortijos, se realiz\u00f3 un c\u00e1lido acto a todas las madres del Inces Miranda, con la incorporaci\u00f3n de las madres trabajadoras de TV Colombeia<\/span><\/p>\n<p style=\"text-align: justify;\">\n<p style=\"text-align: justify;\"><span style=\"font-size: 14pt;\">El coordinador de Cultura, Deporte, Recreaci\u00f3n y Participaci\u00f3n Comunal del Inces, Miranda, Jehinfry Aguiar emiti\u00f3 un emotivo discurso para conmemorar el D\u00eda de las madres, agradeciendo primeramente a Dios, al presidente del Inces Wuikelman Angel Paredes y al gerente regional Erick Vera por permitir el desarrollo de esta actividad, \u201cacotando que ustedes madres que tienen la enorme responsabilidad y compromiso de conducir no solamente los hogares, sino tambi\u00e9n la vida de sus hijos y entender el rol protag\u00f3nico en la construcci\u00f3n de la patria\u201d. Al mismo tiempo, record\u00f3 \u201cEl d\u00eda de las madres son los 365 d\u00edas al a\u00f1o\u201d.<\/span><\/p>\n<p style=\"text-align: justify;\">\n<p style=\"text-align: justify;\"><span style=\"font-size: 14pt;\">El acto cont\u00f3 con la participaci\u00f3n del animador y Coordinador Juventud Productiva del Inces Miranda, Adrian Charaima y como invitados especiales los cantantes Heiker \u201cEl Nene de la Salsa\u201d y Jes\u00fas Linarez, interprete de salsa para las mam\u00e1s, con la colaboraci\u00f3n de Talento Humano, Dorisa Salcedo, Infraestructura Armando Di Placido y el protocolo del programa Turismo que lleva como responsable Silvina Monteiro.<\/span><\/p>\n<p style=\"text-align: justify;\">\n<p style=\"text-align: justify;\"><span style=\"font-size: 14pt;\">Adem\u00e1s, se realiz\u00f3 entrega de obsequios, compartir de un c\u00f3ctel con su brindis y m\u00fasica.<\/span><\/p>\n<p style=\"text-align: justify;\">\n","protected":false},"excerpt":{"rendered":"<p>Con la presencia de las madres trabajadoras, en la terraza de Colombeia, edificio Inces de los Cortijos, se realiz\u00f3 un c\u00e1lido acto a todas las madres del Inces Miranda, con la incorporaci\u00f3n de las madres trabajadoras de TV Colombeia El coordinador de Cultura, Deporte, Recreaci\u00f3n y Participaci\u00f3n Comunal del Inces, Miranda, Jehinfry Aguiar emiti\u00f3 un [&hellip;]<\/p>\n","protected":false},"author":4,"featured_media":43014,"comment_status":"closed","ping_status":"closed","sticky":false,"template":"","format":"standard","meta":{"footnotes":""},"categories":[45,2],"tags":[],"class_list":["post-43012","post","type-post","status-publish","format-standard","has-post-thumbnail","hentry","category-galerias","category-blog"],"_links":{"self":[{"href":"https:\/\/inces.gob.ve\/index.php\/wp-json\/wp\/v2\/posts\/43012","targetHints":{"allow":["GET"]}}],"collection":[{"href":"https:\/\/inces.gob.ve\/index.php\/wp-json\/wp\/v2\/posts"}],"about":[{"href":"https:\/\/inces.gob.ve\/index.php\/wp-json\/wp\/v2\/types\/post"}],"author":[{"embeddable":true,"href":"https:\/\/inces.gob.ve\/index.php\/wp-json\/wp\/v2\/users\/4"}],"replies":[{"embeddable":true,"href":"https:\/\/inces.gob.ve\/index.php\/wp-json\/wp\/v2\/comments?post=43012"}],"version-history":[{"count":2,"href":"https:\/\/inces.gob.ve\/index.php\/wp-json\/wp\/v2\/posts\/43012\/revisions"}],"predecessor-version":[{"id":43015,"href":"https:\/\/inces.gob.ve\/index.php\/wp-json\/wp\/v2\/posts\/43012\/revisions\/43015"}],"wp:featuredmedia":[{"embeddable":true,"href":"https:\/\/inces.gob.ve\/index.php\/wp-json\/wp\/v2\/media\/43014"}],"wp:attachment":[{"href":"https:\/\/inces.gob.ve\/index.php\/wp-json\/wp\/v2\/media?parent=43012"}],"wp:term":[{"taxonomy":"category","embeddable":true,"href":"https:\/\/inces.gob.ve\/index.php\/wp-json\/wp\/v2\/categories?post=43012"},{"taxonomy":"post_tag","embeddable":true,"href":"https:\/\/inces.gob.ve\/index.php\/wp-json\/wp\/v2\/tags?post=43012"}],"curies":[{"name":"wp","href":"https:\/\/api.w.org\/{rel}","templated":true}]}}