{"id":43021,"date":"2022-05-28T13:25:38","date_gmt":"2022-05-28T17:25:38","guid":{"rendered":"https:\/\/inces.gob.ve\/?p=43021"},"modified":"2022-05-28T13:25:38","modified_gmt":"2022-05-28T17:25:38","slug":"la-guaira-el-inces-continua-promoviendo-sus-formaciones-en-las-instituciones-educativas","status":"publish","type":"post","link":"https:\/\/inces.gob.ve\/index.php\/2022\/05\/28\/la-guaira-el-inces-continua-promoviendo-sus-formaciones-en-las-instituciones-educativas\/","title":{"rendered":"LA GUAIRA | El Inces contin\u00faa promoviendo sus formaciones en las instituciones educativas"},"content":{"rendered":"<p align=\"justify\"><i><b><span style=\"font-family: Arial, serif;\"><span style=\"font-size: large;\">** <\/span><\/span><span style=\"font-family: Arial, serif;\"><span style=\"font-size: large;\">Se trabaja con los estudiantes de bachillerato pero tambi\u00e9n se certifica el saber los profesores <\/span><\/span><\/b><\/i><!--more--><\/p>\n<p align=\"justify\">\n<p align=\"justify\"><span style=\"font-family: Arial, serif;\"><span style=\"font-size: medium;\">Cumpliendo con los lineamientos emanados por el presidente de la Rep\u00fablica, Nicolas Maduro Moros, de agregar como un requisito indispensable que todo bachiller a optar por su t\u00edtulo debe formarse por medio de los grupos de <\/span><\/span><span style=\"font-family: Arial, serif;\"><span style=\"font-size: medium;\">C<\/span><\/span><span style=\"font-family: Arial, serif;\"><span style=\"font-size: medium;\">reaci\u00f3n, <\/span><\/span><span style=\"font-family: Arial, serif;\"><span style=\"font-size: medium;\">R<\/span><\/span><span style=\"font-family: Arial, serif;\"><span style=\"font-size: medium;\">ecreaci\u00f3n y <\/span><\/span><span style=\"font-family: Arial, serif;\"><span style=\"font-size: medium;\">P<\/span><\/span><span style=\"font-family: Arial, serif;\"><span style=\"font-size: medium;\">roducci\u00f3n (CRP), y ser avalado legalmente por el Instituto Nacional de Capacitaci\u00f3n y Educaci\u00f3n Socialista (Inces), el equipo de formaci\u00f3n del Inces La Guaira se despleg\u00f3 por el estado en aras de constatar el fiel cumplimiento de los procesos formativos vinculados a esta instituci\u00f3n.<\/span><\/span><\/p>\n<p align=\"justify\">\n<p align=\"justify\"><span style=\"font-family: Arial, serif;\"><span style=\"font-size: medium;\">Esto que surgi\u00f3 de una propuesta emanada del <\/span><\/span><span style=\"font-family: Arial, serif;\"><span style=\"font-size: medium;\">e<\/span><\/span><span style=\"font-family: Arial, serif;\"><span style=\"font-size: medium;\">ncuentro con estudiantes de Educaci\u00f3n Media, hace cumplir las <\/span><\/span><span style=\"font-family: Arial, serif;\"><span style=\"font-size: medium;\">sietel<\/span><\/span><span style=\"font-family: Arial, serif;\"><span style=\"font-size: medium;\">\u00edneas estrat\u00e9gicas dictadas a principio de a\u00f1o por el presidente del Inces y adem\u00e1s viceministro de Comunidades Educativas y Uni\u00f3n con el Pueblo, Wuikelman \u00c1ngel Paredes.<\/span><\/span><\/p>\n<p align=\"justify\">\n<p align=\"justify\"><span style=\"font-family: Arial, serif;\"><span style=\"font-size: medium;\">Este proceso forma parte del ciclo de caracterizaciones y acreditaciones y se est\u00e1 llevando a cabo como una jornada de abordaje donde los representantes de formaci\u00f3n Inces se despliegan por las instituciones educativas para llevar el control y seguimiento de estas formaciones que son impartidas a trav\u00e9s de los <\/span><\/span><span style=\"font-family: Arial, serif;\"><span style=\"font-size: medium;\">m<\/span><\/span><span style=\"font-family: Arial, serif;\"><span style=\"font-size: medium;\">aestros <\/span><\/span><span style=\"font-family: Arial, serif;\"><span style=\"font-size: medium;\">t<\/span><\/span><span style=\"font-family: Arial, serif;\"><span style=\"font-size: medium;\">\u00e9cnicos <\/span><\/span><span style=\"font-family: Arial, serif;\"><span style=\"font-size: medium;\">p<\/span><\/span><span style=\"font-family: Arial, serif;\"><span style=\"font-size: medium;\">roductivos (MTP) y <\/span><\/span><span style=\"font-family: Arial, serif;\"><span style=\"font-size: medium;\">m<\/span><\/span><span style=\"font-family: Arial, serif;\"><span style=\"font-size: medium;\">aestros <\/span><\/span><span style=\"font-family: Arial, serif;\"><span style=\"font-size: medium;\">t<\/span><\/span><span style=\"font-family: Arial, serif;\"><span style=\"font-size: medium;\">\u00e9cnicos <\/span><\/span><span style=\"font-family: Arial, serif;\"><span style=\"font-size: medium;\">v<\/span><\/span><span style=\"font-family: Arial, serif;\"><span style=\"font-size: medium;\">oluntarios (MTV). <\/span><\/span><\/p>\n<p align=\"justify\">\n<p align=\"justify\">\u201c<span style=\"font-family: Arial, serif;\"><span style=\"font-size: medium;\">Hoy iniciamos con el control y seguimiento de las opciones formativas que imparte el Inces a trav\u00e9s de los CRP\u201d, destac\u00f3 Yerry Monasterios, <\/span><\/span><span style=\"font-family: Arial, serif;\"><span style=\"font-size: medium;\">j<\/span><\/span><span style=\"font-family: Arial, serif;\"><span style=\"font-size: medium;\">efe de la Divisi\u00f3n de Formaci\u00f3n.<\/span><\/span><\/p>\n<p align=\"justify\">\n<p align=\"justify\"><span style=\"font-family: Arial, serif;\"><span style=\"font-size: medium;\">Esta acci\u00f3n, que se efectu\u00f3 en compa\u00f1\u00eda de la coordinadora del Programa Nacional de Aprendizaje, tiene como objetivo principal cumplir con los lineamientos del mandatario nacional de certificar a docentes que desempe\u00f1an alg\u00fan saber productivo en las \u00e1reas priorizadas como: motor industrial, tur\u00edstico, gastron\u00f3mico, entre otros, as\u00ed como tambi\u00e9n a todos los estudiantes pr\u00f3ximos en graduarse como bachilleres que posean alg\u00fan perfil productivo.<\/span><\/span><\/p>\n<p>&nbsp;<\/p>\n<p>&nbsp;<\/p>\n<p>&nbsp;<\/p>\n<p>&nbsp;<\/p>\n","protected":false},"excerpt":{"rendered":"<p>** Se trabaja con los estudiantes de bachillerato pero tambi\u00e9n se certifica el saber los profesores<\/p>\n","protected":false},"author":4,"featured_media":43022,"comment_status":"closed","ping_status":"closed","sticky":false,"template":"","format":"standard","meta":{"footnotes":""},"categories":[2],"tags":[],"class_list":["post-43021","post","type-post","status-publish","format-standard","has-post-thumbnail","hentry","category-blog"],"_links":{"self":[{"href":"https:\/\/inces.gob.ve\/index.php\/wp-json\/wp\/v2\/posts\/43021","targetHints":{"allow":["GET"]}}],"collection":[{"href":"https:\/\/inces.gob.ve\/index.php\/wp-json\/wp\/v2\/posts"}],"about":[{"href":"https:\/\/inces.gob.ve\/index.php\/wp-json\/wp\/v2\/types\/post"}],"author":[{"embeddable":true,"href":"https:\/\/inces.gob.ve\/index.php\/wp-json\/wp\/v2\/users\/4"}],"replies":[{"embeddable":true,"href":"https:\/\/inces.gob.ve\/index.php\/wp-json\/wp\/v2\/comments?post=43021"}],"version-history":[{"count":1,"href":"https:\/\/inces.gob.ve\/index.php\/wp-json\/wp\/v2\/posts\/43021\/revisions"}],"predecessor-version":[{"id":43023,"href":"https:\/\/inces.gob.ve\/index.php\/wp-json\/wp\/v2\/posts\/43021\/revisions\/43023"}],"wp:featuredmedia":[{"embeddable":true,"href":"https:\/\/inces.gob.ve\/index.php\/wp-json\/wp\/v2\/media\/43022"}],"wp:attachment":[{"href":"https:\/\/inces.gob.ve\/index.php\/wp-json\/wp\/v2\/media?parent=43021"}],"wp:term":[{"taxonomy":"category","embeddable":true,"href":"https:\/\/inces.gob.ve\/index.php\/wp-json\/wp\/v2\/categories?post=43021"},{"taxonomy":"post_tag","embeddable":true,"href":"https:\/\/inces.gob.ve\/index.php\/wp-json\/wp\/v2\/tags?post=43021"}],"curies":[{"name":"wp","href":"https:\/\/api.w.org\/{rel}","templated":true}]}}