{"id":43052,"date":"2022-05-29T18:45:48","date_gmt":"2022-05-29T22:45:48","guid":{"rendered":"https:\/\/inces.gob.ve\/?p=43052"},"modified":"2022-05-29T18:45:48","modified_gmt":"2022-05-29T22:45:48","slug":"caracas-inces-estuvo-presente-en-el-congreso-pedagogico-2022","status":"publish","type":"post","link":"https:\/\/inces.gob.ve\/index.php\/2022\/05\/29\/caracas-inces-estuvo-presente-en-el-congreso-pedagogico-2022\/","title":{"rendered":"CARACAS | Inces estuvo presente en el Congreso Pedag\u00f3gico 2022"},"content":{"rendered":"<p lang=\"es-VE\" style=\"text-align: justify;\"><span style=\"font-family: arial, helvetica, sans-serif; font-size: 14pt;\"><i><b>** <\/b><b>Los centros de formaci\u00f3n se enrutan hacia lo productivo<\/b><\/i><\/span><!--more--><\/p>\n<p lang=\"es-VE\" style=\"text-align: justify;\">\n<p lang=\"es-VE\" style=\"text-align: justify;\"><span style=\"font-family: arial, helvetica, sans-serif; font-size: 14pt;\">El Inces tcont\u00f3 con un espacio para exponer sus proyectos socioproductivos en el Primer Congreso Pedag\u00f3gico, espacio en el cual se cont\u00f3 con la participaci\u00f3n de la Escuela T\u00e9cnica Industrial Rafael Vegas y el Colegio Churun-Meru.<\/span><\/p>\n<p lang=\"es-VE\" style=\"text-align: justify;\">\n<p lang=\"es-VE\" style=\"text-align: justify;\"><span style=\"font-family: arial, helvetica, sans-serif; font-size: 14pt;\">Como autoridad nacional, estuvo presente el Director General de Asuntos Internacionales el Ministerio del Poder Popular para la Educaci\u00f3n, Nick Onetto.<\/span><\/p>\n<p lang=\"es-VE\" style=\"text-align: justify;\">\n<p lang=\"es-VE\" style=\"text-align: justify;\"><span style=\"font-size: 14pt; font-family: arial, helvetica, sans-serif;\">\u201cLos desaf\u00edos del modelo educativo venezolano debemos llevarlo al resto del mundo y hacer que nuestro sistema de educaci\u00f3n sea reconocido mundialmente\u201d, expres\u00f3 Onetto dando un agradable mensaje de motivaci\u00f3n a todos los presentes.<\/span><\/p>\n<p lang=\"es-VE\" style=\"text-align: justify;\">\n<p lang=\"es-VE\" style=\"text-align: justify;\"><span style=\"font-family: arial, helvetica, sans-serif; font-size: 14pt;\">Popr su parte, la profesora Rosario Caraballo, en representaci\u00f3n del Inces y del N\u00facleo de Producci\u00f3n Rafael \u00c1ngulo, explic\u00f3 y dio a conocer toda la producci\u00f3n que se lleva a cabo en ese espacio formativo. \u201cGracias a nuestros proyectos productivos podemos levantar nuestro nudo de las sombras en la que estaba, declar\u00f3 Caraballo en su ponencia.<\/span><\/p>\n","protected":false},"excerpt":{"rendered":"<p>** Los centros de formaci\u00f3n se enrutan hacia lo productivo<\/p>\n","protected":false},"author":4,"featured_media":43053,"comment_status":"closed","ping_status":"closed","sticky":false,"template":"","format":"standard","meta":{"footnotes":""},"categories":[2],"tags":[],"class_list":["post-43052","post","type-post","status-publish","format-standard","has-post-thumbnail","hentry","category-blog"],"_links":{"self":[{"href":"https:\/\/inces.gob.ve\/index.php\/wp-json\/wp\/v2\/posts\/43052","targetHints":{"allow":["GET"]}}],"collection":[{"href":"https:\/\/inces.gob.ve\/index.php\/wp-json\/wp\/v2\/posts"}],"about":[{"href":"https:\/\/inces.gob.ve\/index.php\/wp-json\/wp\/v2\/types\/post"}],"author":[{"embeddable":true,"href":"https:\/\/inces.gob.ve\/index.php\/wp-json\/wp\/v2\/users\/4"}],"replies":[{"embeddable":true,"href":"https:\/\/inces.gob.ve\/index.php\/wp-json\/wp\/v2\/comments?post=43052"}],"version-history":[{"count":1,"href":"https:\/\/inces.gob.ve\/index.php\/wp-json\/wp\/v2\/posts\/43052\/revisions"}],"predecessor-version":[{"id":43054,"href":"https:\/\/inces.gob.ve\/index.php\/wp-json\/wp\/v2\/posts\/43052\/revisions\/43054"}],"wp:featuredmedia":[{"embeddable":true,"href":"https:\/\/inces.gob.ve\/index.php\/wp-json\/wp\/v2\/media\/43053"}],"wp:attachment":[{"href":"https:\/\/inces.gob.ve\/index.php\/wp-json\/wp\/v2\/media?parent=43052"}],"wp:term":[{"taxonomy":"category","embeddable":true,"href":"https:\/\/inces.gob.ve\/index.php\/wp-json\/wp\/v2\/categories?post=43052"},{"taxonomy":"post_tag","embeddable":true,"href":"https:\/\/inces.gob.ve\/index.php\/wp-json\/wp\/v2\/tags?post=43052"}],"curies":[{"name":"wp","href":"https:\/\/api.w.org\/{rel}","templated":true}]}}