{"id":43200,"date":"2022-06-02T20:12:43","date_gmt":"2022-06-03T00:12:43","guid":{"rendered":"https:\/\/inces.gob.ve\/?p=43200"},"modified":"2022-06-02T20:20:20","modified_gmt":"2022-06-03T00:20:20","slug":"zulia-inces-planifica-formar-y-acreditar-a-75-541-futuros-bachilleres-productivos-en-el-occidente-venezolano-gerente-del-inces-zulia-participo-como-vocero-en-el-marco-del-quinto-consejo-de-gesti","status":"publish","type":"post","link":"https:\/\/inces.gob.ve\/index.php\/2022\/06\/02\/zulia-inces-planifica-formar-y-acreditar-a-75-541-futuros-bachilleres-productivos-en-el-occidente-venezolano-gerente-del-inces-zulia-participo-como-vocero-en-el-marco-del-quinto-consejo-de-gesti\/","title":{"rendered":"ZULIA | Inces planifica formar y acreditar a 75.541 futuros bachilleres productivos en el occidente venezolano"},"content":{"rendered":"<p style=\"text-align: justify;\"><em><strong><span style=\"font-family: arial, helvetica, sans-serif; font-size: 14pt;\">** El gerente del Inces Zulia, Jos\u00e9 Vicente Far\u00edas, particip\u00f3 como vocero en el marco del primer Consejo de Gesti\u00f3n Regional Virtual del instituto, en representaci\u00f3n de la zona occidental integrada por Falc\u00f3n, Lara y Yaracuy. A la fecha se han formado a 24.872 futuros bachilleres productivos en la regi\u00f3n; y 3.208 docentes y representantes han sido acreditados a trav\u00e9s de los grupos de Creaci\u00f3n Reproducci\u00f3n y Producci\u00f3n, mejor conocidos como CRP<\/span><\/strong><\/em><!--more--><\/p>\n<p style=\"text-align: justify;\"><span style=\"font-family: arial, helvetica, sans-serif; font-size: 14pt;\">Este jueves en el marco del primer Consejo de Gesti\u00f3n Regional Virtual del Instituto Nacional de Capacitaci\u00f3n y Educaci\u00f3n Socialista (Inces), liderado por su presidente y viceministro de Comunidades Educativas y Uni\u00f3n con el Pueblo, Wuikelman \u00c1ngel Paredes y que cont\u00f3 con la participaci\u00f3n especial de la ministra del Poder Popular para la Educaci\u00f3n, Yelitze Santaella, el gerente del Inces Zulia, Jos\u00e9 Vicente Far\u00edas Echeverri, en representaci\u00f3n de la regi\u00f3n occidental, brind\u00f3 un balance acerca de la planificaci\u00f3n, control, seguimiento y evaluaci\u00f3n de los resultados de la ejecuci\u00f3n de proceso de formaci\u00f3n, bajo las l\u00edneas estrat\u00e9gicas trazadas.<\/span><\/p>\n<p>&nbsp;<\/p>\n<p style=\"text-align: justify;\"><span style=\"font-family: arial, helvetica, sans-serif; font-size: 14pt;\">Al respecto, el gerente del Inces Zulia y vocero de la Redi Occidental, acompa\u00f1ado de los gerentes del ente en los estados Falc\u00f3n, Yaracuy y Lara, quienes desde la sede regional, ubicada en Maracaibo siguieron la videoconferencia, tom\u00f3 la palabra para aportar: \u201cHemos formado a 24.872 futuros bachilleres productivos y a trav\u00e9s de los diferentes grupos de Creaci\u00f3n Reproducci\u00f3n y Producci\u00f3n, mejor conocidos como CRP, se han acreditado a 3.208 docentes y representantes de los Movimientos Bolivarianos de Familia que nos acompa\u00f1an en esta tarea. Tenemos la meta de brindar una atenci\u00f3n a 75.541 estudiantes en el \u00e1mbito del bachillerato productivo, en la regi\u00f3n\u201d.<\/span><\/p>\n<p>&nbsp;<\/p>\n<p style=\"text-align: justify;\"><span style=\"font-family: arial, helvetica, sans-serif; font-size: 14pt;\">\u201cSeguimos elevando las esperanzas del pueblo venezolano. Transformando la realidad a trav\u00e9s de la experiencia de la educaci\u00f3n liberadora que brinda herramientas para el hacer. Contamos con un poderoso instrumento de acci\u00f3n, sumamente hermoso y que nos ha permitido crecer, para estar a la altura de las necesidades y del compromiso con la juventud, tal como lo solicit\u00f3 el Presidente Nicol\u00e1s Maduro, cuando gir\u00f3 la instrucci\u00f3n, que provoc\u00f3 que avanz\u00e1ramos para crear un plan de trabajo que implic\u00f3 multiplicarnos en los territorios en uni\u00f3n de nuestros maestros t\u00e9cnicos productivos, docentes del MPPE y miembros de los Movimientos Bolivarianos de Familia, a quienes estamos certificado para cumplir con la tarea\u201d, describi\u00f3 Far\u00edas Echeverri.<\/span><\/p>\n<p>&nbsp;<\/p>\n<p style=\"text-align: justify;\"><span style=\"font-family: arial, helvetica, sans-serif; font-size: 14pt;\">La Ministra del Poder Popular Para la Educaci\u00f3n, Yelitze Santaella, al respecto opin\u00f3: \u201cReconozco el esfuerzo del Inces, para que esta patria se siga formando y emprendiendo con gallard\u00eda. Necesitamos avanzar en la transformaci\u00f3n educativa, y lo hacemos atendiendo experiencias de desarrollo como la del Instituto\u201d.<\/span><\/p>\n<p>&nbsp;<\/p>\n<p style=\"text-align: justify;\"><span style=\"font-family: arial, helvetica, sans-serif; font-size: 14pt;\">Por su parte, el viceministro de Comunidades Educativas y Uni\u00f3n con el Pueblo y presidente del Inces, Wuikelman \u00c1ngel Paredes advirti\u00f3: \u00abLa atenci\u00f3n a los j\u00f3venes que se van a graduar de bachilleres este a\u00f1o es nuestra prioridad, atendiendo el llamado del presidente de la Rep\u00fablica y de la Federaci\u00f3n Venezolana de Estudiantes de Educaci\u00f3n Media\u201d, compromiso que desde el Inces Zulia, se viene honrando.<\/span><\/p>\n","protected":false},"excerpt":{"rendered":"<p>** El gerente del Inces Zulia, Jos\u00e9 Vicente Far\u00edas, particip\u00f3 como vocero en el marco del primer Consejo de Gesti\u00f3n Regional Virtual del instituto, en representaci\u00f3n de la zona occidental integrada por Falc\u00f3n, Lara y Yaracuy. A la fecha se han formado a 24.872 futuros bachilleres productivos en la regi\u00f3n; y 3.208 docentes y representantes [&hellip;]<\/p>\n","protected":false},"author":4,"featured_media":43201,"comment_status":"closed","ping_status":"closed","sticky":false,"template":"","format":"standard","meta":{"footnotes":""},"categories":[2],"tags":[],"class_list":["post-43200","post","type-post","status-publish","format-standard","has-post-thumbnail","hentry","category-blog"],"_links":{"self":[{"href":"https:\/\/inces.gob.ve\/index.php\/wp-json\/wp\/v2\/posts\/43200","targetHints":{"allow":["GET"]}}],"collection":[{"href":"https:\/\/inces.gob.ve\/index.php\/wp-json\/wp\/v2\/posts"}],"about":[{"href":"https:\/\/inces.gob.ve\/index.php\/wp-json\/wp\/v2\/types\/post"}],"author":[{"embeddable":true,"href":"https:\/\/inces.gob.ve\/index.php\/wp-json\/wp\/v2\/users\/4"}],"replies":[{"embeddable":true,"href":"https:\/\/inces.gob.ve\/index.php\/wp-json\/wp\/v2\/comments?post=43200"}],"version-history":[{"count":2,"href":"https:\/\/inces.gob.ve\/index.php\/wp-json\/wp\/v2\/posts\/43200\/revisions"}],"predecessor-version":[{"id":43204,"href":"https:\/\/inces.gob.ve\/index.php\/wp-json\/wp\/v2\/posts\/43200\/revisions\/43204"}],"wp:featuredmedia":[{"embeddable":true,"href":"https:\/\/inces.gob.ve\/index.php\/wp-json\/wp\/v2\/media\/43201"}],"wp:attachment":[{"href":"https:\/\/inces.gob.ve\/index.php\/wp-json\/wp\/v2\/media?parent=43200"}],"wp:term":[{"taxonomy":"category","embeddable":true,"href":"https:\/\/inces.gob.ve\/index.php\/wp-json\/wp\/v2\/categories?post=43200"},{"taxonomy":"post_tag","embeddable":true,"href":"https:\/\/inces.gob.ve\/index.php\/wp-json\/wp\/v2\/tags?post=43200"}],"curies":[{"name":"wp","href":"https:\/\/api.w.org\/{rel}","templated":true}]}}