{"id":43237,"date":"2022-06-01T12:27:31","date_gmt":"2022-06-01T16:27:31","guid":{"rendered":"https:\/\/inces.gob.ve\/?p=43237"},"modified":"2022-06-03T12:30:00","modified_gmt":"2022-06-03T16:30:00","slug":"carabobo-inces-realizo-la-primera-eleccion-de-la-reina-del-reciclaje","status":"publish","type":"post","link":"https:\/\/inces.gob.ve\/index.php\/2022\/06\/01\/carabobo-inces-realizo-la-primera-eleccion-de-la-reina-del-reciclaje\/","title":{"rendered":"CARABOBO | Inces realiz\u00f3 la primera elecci\u00f3n de la reina del reciclaje"},"content":{"rendered":"<p style=\"text-align: justify;\"><em><strong><span style=\"font-size: 14pt;\">** Las j\u00f3venes aprendices lucieron hermosos trajes elaborados en su totalidad con material de desecho<\/span><\/strong><\/em><!--more--><\/p>\n<p>&nbsp;<\/p>\n<p style=\"text-align: justify;\"><span style=\"font-size: 14pt;\"><strong>ATILIA CORTEZ CA\u00d1ADAS<\/strong><\/span><\/p>\n<p style=\"text-align: justify;\"><span style=\"font-size: 14pt;\">Desde los espacios del Auditorio del centro de formaci\u00f3n socialista Luis Beltr\u00e1n Prieto Figueroa de Valencia, y para celebrar la Semana del Reciclaje, se llev\u00f3 a cabo la \u00abI Elecci\u00f3n de la Reina del Reciclaje y la I Exposici\u00f3n Productiva y Creativa del Inces Carabobo\u201d.<\/span><\/p>\n<p>&nbsp;<\/p>\n<p style=\"text-align: justify;\"><span style=\"font-size: 14pt;\">La actividad fue organizada por la Gerencia Regional y el apoyo de Deivis Aguirre coordinador regional de la Juventud Productiva, donde participaron los siete Institutos Privados adscritos al Inces en la regi\u00f3n.<\/span><\/p>\n<p>&nbsp;<\/p>\n<p style=\"text-align: justify;\"><span style=\"font-size: 14pt;\">Las j\u00f3venes concursantes desfilaron bellos y creativos trajes elaborados en su totalidad con material reciclado como papel peri\u00f3dico, bolsas pl\u00e1sticas, CD, cart\u00f3n para huevos, envases pl\u00e1sticos, hoja de ma\u00edz entre otros materiales usados, donde adem\u00e1s de la belleza se evidenci\u00f3 una concienzaci\u00f3n de respetar y cuidar a nuestro planeta tierra por parte de los participantes.<\/span><\/p>\n<p>&nbsp;<\/p>\n<p style=\"text-align: justify;\"><span style=\"font-size: 14pt;\">Por el Instituto Fundametal particip\u00f3lores, por Invecapi Tahibe Brito, Gabriela Perdomo, por Inforcal Yenire Flores,por Inproco Genesis Ram\u00edrez, por Invecapi Tahibe Brito, por Jes\u00fas Obrero Daniela Paredes, por M\u00e1ximo Talento Mar\u00eda Escalante y por el instituto Santa Fe Yusmeli Ramos, adem\u00e1s de la participaci\u00f3n especial de la Gladis Amaya por el cap\u00edtulo Adulto Mayor con una bella creaci\u00f3n confeccionada por sus compa\u00f1eras y maestro t\u00e9cnico productivo del \u00e1rea textil del centro de formaci\u00f3n socialista Luis Beltr\u00e1n Prieto Figueroa.<\/span><\/p>\n<p>&nbsp;<\/p>\n<p style=\"text-align: justify;\"><span style=\"font-size: 14pt;\">El jurado calificador estuvo presidido por el gerente regional Yorman Rosal acompa\u00f1ado por jefa de la divisi\u00f3n de Formaci\u00f3n Profesional, Marcia Ceballos y Deivis Aguirre coordinador regional Inces de la Juventud Productiva. Como invitados: Indira D\u00edaz directora de la Atenci\u00f3n al Ciudadano, Jos\u00e9 Bastidas por el Ministerio de la Juventud, Eliana Palma coordinadora regional de Infocentro y Ruth Oliveros por Fundacite Carabobo .<\/span><\/p>\n<p>&nbsp;<\/p>\n<p style=\"text-align: justify;\"><span style=\"font-size: 14pt;\">Se pudo conocer que el resultado de la elecci\u00f3n fue el siguiente: el tercer lugar para el Instituto Jes\u00fas Obrero con la participante Daniela Paredes, en segundo lugar Mar\u00eda Escalante de M\u00e1ximo Talento y la ha ganadora del 1er lugar Yusmeli Ramos de Santa Fe.<\/span><\/p>\n","protected":false},"excerpt":{"rendered":"<p>** Las j\u00f3venes aprendices lucieron hermosos trajes elaborados en su totalidad con material de desecho<\/p>\n","protected":false},"author":4,"featured_media":43236,"comment_status":"closed","ping_status":"closed","sticky":false,"template":"","format":"standard","meta":{"footnotes":""},"categories":[2],"tags":[],"class_list":["post-43237","post","type-post","status-publish","format-standard","has-post-thumbnail","hentry","category-blog"],"_links":{"self":[{"href":"https:\/\/inces.gob.ve\/index.php\/wp-json\/wp\/v2\/posts\/43237","targetHints":{"allow":["GET"]}}],"collection":[{"href":"https:\/\/inces.gob.ve\/index.php\/wp-json\/wp\/v2\/posts"}],"about":[{"href":"https:\/\/inces.gob.ve\/index.php\/wp-json\/wp\/v2\/types\/post"}],"author":[{"embeddable":true,"href":"https:\/\/inces.gob.ve\/index.php\/wp-json\/wp\/v2\/users\/4"}],"replies":[{"embeddable":true,"href":"https:\/\/inces.gob.ve\/index.php\/wp-json\/wp\/v2\/comments?post=43237"}],"version-history":[{"count":2,"href":"https:\/\/inces.gob.ve\/index.php\/wp-json\/wp\/v2\/posts\/43237\/revisions"}],"predecessor-version":[{"id":43239,"href":"https:\/\/inces.gob.ve\/index.php\/wp-json\/wp\/v2\/posts\/43237\/revisions\/43239"}],"wp:featuredmedia":[{"embeddable":true,"href":"https:\/\/inces.gob.ve\/index.php\/wp-json\/wp\/v2\/media\/43236"}],"wp:attachment":[{"href":"https:\/\/inces.gob.ve\/index.php\/wp-json\/wp\/v2\/media?parent=43237"}],"wp:term":[{"taxonomy":"category","embeddable":true,"href":"https:\/\/inces.gob.ve\/index.php\/wp-json\/wp\/v2\/categories?post=43237"},{"taxonomy":"post_tag","embeddable":true,"href":"https:\/\/inces.gob.ve\/index.php\/wp-json\/wp\/v2\/tags?post=43237"}],"curies":[{"name":"wp","href":"https:\/\/api.w.org\/{rel}","templated":true}]}}