{"id":43278,"date":"2022-06-04T15:58:13","date_gmt":"2022-06-04T19:58:13","guid":{"rendered":"https:\/\/inces.gob.ve\/?p=43278"},"modified":"2022-06-04T17:40:27","modified_gmt":"2022-06-04T21:40:27","slug":"escuela-de-futsal-inces-celebra-su-primer-encuentro-deportivo","status":"publish","type":"post","link":"https:\/\/inces.gob.ve\/index.php\/2022\/06\/04\/escuela-de-futsal-inces-celebra-su-primer-encuentro-deportivo\/","title":{"rendered":"Escuela de Futsal Inces celebra su primer encuentro deportivo"},"content":{"rendered":"<p style=\"text-align: justify;\"><span style=\"font-size: 14pt;\"><em>** Aunque los resultados no fueron los esperados, el encuentro deportivo permiti\u00f3 ver cuanto se ha avanzado desde la creaci\u00f3n de la escuela<\/em><!--more--><\/span><\/p>\n<p>&nbsp;<\/p>\n<p><span style=\"font-size: 14pt;\"><strong>L.T.<\/strong><\/span><\/p>\n<p style=\"text-align: justify;\"><span style=\"font-size: 14pt;\">Inaugurada el 6 de mayo, la escuela de Futsal del Inces celebr\u00f3 su primer encuentro amistoso en la cancha del anexo Inces, donde estuvieron invitados los equipos Deportivo Atl\u00e9tico Las Torres y Santa Ana.\u00a0<\/span><\/p>\n<p>&nbsp;<\/p>\n<p>&nbsp;<\/p>\n<div dir=\"auto\" style=\"text-align: justify;\"><\/div>\n<div dir=\"auto\"><span style=\"font-size: 14pt;\"><img loading=\"lazy\" decoding=\"async\" class=\"aligncenter wp-image-43320 size-large\" src=\"https:\/\/inces.gob.ve\/wp-content\/uploads\/2022\/06\/DSC_1070-1024x685.jpg\" alt=\"\" width=\"640\" height=\"428\" srcset=\"https:\/\/inces.gob.ve\/wp-content\/uploads\/2022\/06\/DSC_1070-1024x685.jpg 1024w, https:\/\/inces.gob.ve\/wp-content\/uploads\/2022\/06\/DSC_1070-300x201.jpg 300w, https:\/\/inces.gob.ve\/wp-content\/uploads\/2022\/06\/DSC_1070-768x514.jpg 768w, https:\/\/inces.gob.ve\/wp-content\/uploads\/2022\/06\/DSC_1070-1536x1028.jpg 1536w, https:\/\/inces.gob.ve\/wp-content\/uploads\/2022\/06\/DSC_1070-272x182.jpg 272w, https:\/\/inces.gob.ve\/wp-content\/uploads\/2022\/06\/DSC_1070.jpg 1936w\" sizes=\"auto, (max-width: 640px) 100vw, 640px\" \/><\/span><\/div>\n<div dir=\"auto\" style=\"text-align: justify;\"><\/div>\n<div dir=\"auto\" style=\"text-align: justify;\"><span style=\"font-size: 14pt;\">Los resultados no fueron espejo del compromiso y alegr\u00eda con el que m\u00e1s de 128 hijos de trabajadores Inces enfrentaron sus primeros juegos deportivos, pues aunque los resultados no fueron lo esperado, el fogueo que permiti\u00f3 la actividad fue la mayor ganancia.<\/span><\/div>\n<div dir=\"auto\"><\/div>\n<div dir=\"auto\"><\/div>\n<div dir=\"auto\" style=\"text-align: justify;\"><\/div>\n<div dir=\"auto\" style=\"text-align: justify;\"><span style=\"font-size: 14pt;\">Con Leo Avil\u00e9s como responsable de la escuela de futsal, acompa\u00f1ado por el entrenador Pablo M\u00e9ndez y el muy querido Jhonny Gonz\u00e1lez, el p\u00fablico disfrut\u00f3 de seis horas de juegos deportivos, donde se obtuvieron los siguientes resultados:<\/span><\/div>\n<div dir=\"auto\"><\/div>\n<div dir=\"auto\" style=\"text-align: justify;\"><\/div>\n<div dir=\"auto\"><span style=\"font-size: 14pt;\"><img loading=\"lazy\" decoding=\"async\" class=\"wp-image-43310 size-large aligncenter\" src=\"https:\/\/inces.gob.ve\/wp-content\/uploads\/2022\/06\/DSC_1082-1024x685.jpg\" alt=\"\" width=\"640\" height=\"428\" srcset=\"https:\/\/inces.gob.ve\/wp-content\/uploads\/2022\/06\/DSC_1082-1024x685.jpg 1024w, https:\/\/inces.gob.ve\/wp-content\/uploads\/2022\/06\/DSC_1082-300x201.jpg 300w, https:\/\/inces.gob.ve\/wp-content\/uploads\/2022\/06\/DSC_1082-768x514.jpg 768w, https:\/\/inces.gob.ve\/wp-content\/uploads\/2022\/06\/DSC_1082-1536x1028.jpg 1536w, https:\/\/inces.gob.ve\/wp-content\/uploads\/2022\/06\/DSC_1082-272x182.jpg 272w, https:\/\/inces.gob.ve\/wp-content\/uploads\/2022\/06\/DSC_1082.jpg 1936w\" sizes=\"auto, (max-width: 640px) 100vw, 640px\" \/><\/span><\/div>\n<div dir=\"auto\"><\/div>\n<div dir=\"auto\" style=\"text-align: justify;\"><span style=\"font-size: 14pt;\"><strong>Compotica A<\/strong><\/span><\/div>\n<div dir=\"auto\" style=\"text-align: justify;\"><span style=\"font-size: 14pt;\">Las Torres 3 \u00a0 \u00a0\u00a0 Inces 1<\/span><\/div>\n<div dir=\"auto\" style=\"text-align: justify;\"><span style=\"font-size: 14pt;\">Las Torres 3\u00a0\u00a0\u00a0\u00a0\u00a0 Inces 4<\/span><\/div>\n<div dir=\"auto\" style=\"text-align: justify;\"><\/div>\n<div dir=\"auto\"><span style=\"font-size: 14pt;\"><img loading=\"lazy\" decoding=\"async\" class=\"aligncenter wp-image-43316 size-large\" src=\"https:\/\/inces.gob.ve\/wp-content\/uploads\/2022\/06\/DSC_1074-1024x685.jpg\" alt=\"\" width=\"640\" height=\"428\" srcset=\"https:\/\/inces.gob.ve\/wp-content\/uploads\/2022\/06\/DSC_1074-1024x685.jpg 1024w, https:\/\/inces.gob.ve\/wp-content\/uploads\/2022\/06\/DSC_1074-300x201.jpg 300w, https:\/\/inces.gob.ve\/wp-content\/uploads\/2022\/06\/DSC_1074-768x514.jpg 768w, https:\/\/inces.gob.ve\/wp-content\/uploads\/2022\/06\/DSC_1074-1536x1028.jpg 1536w, https:\/\/inces.gob.ve\/wp-content\/uploads\/2022\/06\/DSC_1074-272x182.jpg 272w, https:\/\/inces.gob.ve\/wp-content\/uploads\/2022\/06\/DSC_1074.jpg 1936w\" sizes=\"auto, (max-width: 640px) 100vw, 640px\" \/><\/span><\/div>\n<div dir=\"auto\"><\/div>\n<div dir=\"auto\" style=\"text-align: justify;\"><span style=\"font-size: 14pt;\"><strong>Femenino<\/strong><\/span><\/div>\n<div dir=\"auto\" style=\"text-align: justify;\"><span style=\"font-size: 14pt;\">Las Torres 6\u00a0\u00a0\u00a0\u00a0\u00a0 Inces 1<\/span><\/div>\n<div dir=\"auto\"><\/div>\n<div dir=\"auto\"><span style=\"font-size: 14pt;\"><img loading=\"lazy\" decoding=\"async\" class=\"wp-image-43295 size-large aligncenter\" src=\"https:\/\/inces.gob.ve\/wp-content\/uploads\/2022\/06\/DSC_1102-1024x685.jpg\" alt=\"\" width=\"640\" height=\"428\" srcset=\"https:\/\/inces.gob.ve\/wp-content\/uploads\/2022\/06\/DSC_1102-1024x685.jpg 1024w, https:\/\/inces.gob.ve\/wp-content\/uploads\/2022\/06\/DSC_1102-300x201.jpg 300w, https:\/\/inces.gob.ve\/wp-content\/uploads\/2022\/06\/DSC_1102-768x514.jpg 768w, https:\/\/inces.gob.ve\/wp-content\/uploads\/2022\/06\/DSC_1102-1536x1028.jpg 1536w, https:\/\/inces.gob.ve\/wp-content\/uploads\/2022\/06\/DSC_1102-272x182.jpg 272w, https:\/\/inces.gob.ve\/wp-content\/uploads\/2022\/06\/DSC_1102.jpg 1936w\" sizes=\"auto, (max-width: 640px) 100vw, 640px\" \/><\/span><\/div>\n<div dir=\"auto\" style=\"text-align: justify;\"><\/div>\n<div dir=\"auto\" style=\"text-align: justify;\"><span style=\"font-size: 14pt;\"><strong>Sub 8<\/strong><\/span><\/div>\n<div dir=\"auto\" style=\"text-align: justify;\"><span style=\"font-size: 14pt;\">Las Torres 4\u00a0\u00a0\u00a0\u00a0\u00a0 Inces 0<\/span><\/div>\n<div dir=\"auto\" style=\"text-align: justify;\"><\/div>\n<div dir=\"auto\"><span style=\"font-size: 14pt;\"><img loading=\"lazy\" decoding=\"async\" class=\"wp-image-43299 size-large aligncenter\" src=\"https:\/\/inces.gob.ve\/wp-content\/uploads\/2022\/06\/DSC_1096-1024x685.jpg\" alt=\"\" width=\"640\" height=\"428\" srcset=\"https:\/\/inces.gob.ve\/wp-content\/uploads\/2022\/06\/DSC_1096-1024x685.jpg 1024w, https:\/\/inces.gob.ve\/wp-content\/uploads\/2022\/06\/DSC_1096-300x201.jpg 300w, https:\/\/inces.gob.ve\/wp-content\/uploads\/2022\/06\/DSC_1096-768x514.jpg 768w, https:\/\/inces.gob.ve\/wp-content\/uploads\/2022\/06\/DSC_1096-1536x1028.jpg 1536w, https:\/\/inces.gob.ve\/wp-content\/uploads\/2022\/06\/DSC_1096-272x182.jpg 272w, https:\/\/inces.gob.ve\/wp-content\/uploads\/2022\/06\/DSC_1096.jpg 1936w\" sizes=\"auto, (max-width: 640px) 100vw, 640px\" \/><\/span><\/div>\n<div dir=\"auto\"><\/div>\n<div dir=\"auto\" style=\"text-align: justify;\"><span style=\"font-size: 14pt;\"><strong>Sub<\/strong> 12<\/span><\/div>\n<div dir=\"auto\" style=\"text-align: justify;\"><span style=\"font-size: 14pt;\">Las Torres 1\u00a0\u00a0\u00a0\u00a0\u00a0 Santa Ana 3<\/span><\/div>\n<div dir=\"auto\" style=\"text-align: justify;\"><span style=\"font-size: 14pt;\">Las Torres 4\u00a0\u00a0\u00a0\u00a0\u00a0 Inces 2<\/span><\/div>\n<div dir=\"auto\" style=\"text-align: justify;\"><\/div>\n<div dir=\"auto\" style=\"text-align: justify;\"><span style=\"font-size: 14pt;\"><strong>Sub 10 A<\/strong><\/span><\/div>\n<div dir=\"auto\" style=\"text-align: justify;\"><span style=\"font-size: 14pt;\">Las Torres 11\u00a0\u00a0\u00a0\u00a0\u00a0 Inces 2<\/span><\/div>\n<div dir=\"auto\" style=\"text-align: justify;\"><\/div>\n<div dir=\"auto\" style=\"text-align: justify;\"><span style=\"font-size: 14pt;\"><strong>Sub 10 B<\/strong><\/span><\/div>\n<div dir=\"auto\" style=\"text-align: justify;\"><span style=\"font-size: 14pt;\">Las Torres 11\u00a0\u00a0\u00a0\u00a0\u00a0 Inces 0<\/span><\/div>\n<div dir=\"auto\" style=\"text-align: justify;\"><\/div>\n<div dir=\"auto\" style=\"text-align: justify;\"><span style=\"font-size: 14pt;\"><strong>Mixto Sub 14 y Sub 16<\/strong><br \/>\n<\/span><\/div>\n<div dir=\"auto\" style=\"text-align: justify;\"><span style=\"font-size: 14pt;\">Las Torres 7\u00a0\u00a0\u00a0\u00a0\u00a0\u00a0 Inces 2<br \/>\n<\/span><\/div>\n<div dir=\"auto\" style=\"text-align: justify;\"><\/div>\n<div dir=\"auto\"><\/div>\n<div dir=\"auto\" style=\"text-align: justify;\"><span style=\"font-size: 14pt;\">A pesar del score final, los padre Inces no decayeron en entusiasmo. Los gritos de \u00e1nimo y algarab\u00eda no cesaron durante todo el tiempo que dur\u00f3 el evento, convirtiendo al anexo del edificio sede en una fiesta deportiva.<\/span><\/div>\n<div dir=\"auto\"><\/div>\n<div dir=\"auto\" style=\"text-align: justify;\"><\/div>\n<div dir=\"auto\" style=\"text-align: justify;\"><span style=\"font-size: 14pt;\"><img loading=\"lazy\" decoding=\"async\" class=\"aligncenter wp-image-43326 size-large\" src=\"https:\/\/inces.gob.ve\/wp-content\/uploads\/2022\/06\/DSC_1085-1-1024x685.jpg\" alt=\"\" width=\"640\" height=\"428\" srcset=\"https:\/\/inces.gob.ve\/wp-content\/uploads\/2022\/06\/DSC_1085-1-1024x685.jpg 1024w, https:\/\/inces.gob.ve\/wp-content\/uploads\/2022\/06\/DSC_1085-1-300x201.jpg 300w, https:\/\/inces.gob.ve\/wp-content\/uploads\/2022\/06\/DSC_1085-1-768x514.jpg 768w, https:\/\/inces.gob.ve\/wp-content\/uploads\/2022\/06\/DSC_1085-1-1536x1028.jpg 1536w, https:\/\/inces.gob.ve\/wp-content\/uploads\/2022\/06\/DSC_1085-1-272x182.jpg 272w, https:\/\/inces.gob.ve\/wp-content\/uploads\/2022\/06\/DSC_1085-1.jpg 1936w\" sizes=\"auto, (max-width: 640px) 100vw, 640px\" \/><\/span><\/div>\n<div dir=\"auto\"><\/div>\n<div dir=\"auto\"><\/div>\n<div dir=\"auto\" style=\"text-align: justify;\"><span style=\"font-size: 14pt;\">Asisti\u00f3 a estos primeros juegos la gerente general de Cultura, Deportes y Recreaci\u00f3n y Participaci\u00f3n Comunal, Francia Marrufo, responsable de organizar este tipo de actividades as\u00ed como de incentivar a la comunidad para que se integra a ellas.<\/span><\/div>\n<div dir=\"auto\"><\/div>\n<div dir=\"auto\" style=\"text-align: justify;\"><\/div>\n<div dir=\"auto\" style=\"text-align: justify;\"><span style=\"font-size: 14pt;\">Gracias a los entrenamientos que se llevan a cabo los d\u00edas lunes, mi\u00e9rcoles y viernes pudimos ver a unos compotica que, si bien a\u00fan no comprenden del todo la din\u00e1mica del juego, s\u00ed ten\u00edan una meta clara: meter el bal\u00f3n en la arquer\u00eda contraria; asimismo, a un grupo de ni\u00f1as, todas hermosas, luchando por dejar la pelota de su lado de la cancha.<\/span><\/div>\n<div dir=\"auto\" style=\"text-align: justify;\"><\/div>\n<div dir=\"auto\"><\/div>\n<div dir=\"auto\"><span style=\"font-size: 14pt;\"><img loading=\"lazy\" decoding=\"async\" class=\"aligncenter wp-image-43327 size-large\" src=\"https:\/\/inces.gob.ve\/wp-content\/uploads\/2022\/06\/DSC_1117-1-1024x685.jpg\" alt=\"\" width=\"640\" height=\"428\" srcset=\"https:\/\/inces.gob.ve\/wp-content\/uploads\/2022\/06\/DSC_1117-1-1024x685.jpg 1024w, https:\/\/inces.gob.ve\/wp-content\/uploads\/2022\/06\/DSC_1117-1-300x201.jpg 300w, https:\/\/inces.gob.ve\/wp-content\/uploads\/2022\/06\/DSC_1117-1-768x514.jpg 768w, https:\/\/inces.gob.ve\/wp-content\/uploads\/2022\/06\/DSC_1117-1-1536x1028.jpg 1536w, https:\/\/inces.gob.ve\/wp-content\/uploads\/2022\/06\/DSC_1117-1-272x182.jpg 272w, https:\/\/inces.gob.ve\/wp-content\/uploads\/2022\/06\/DSC_1117-1.jpg 1936w\" sizes=\"auto, (max-width: 640px) 100vw, 640px\" \/><\/span><\/div>\n<div dir=\"auto\"><\/div>\n<div dir=\"auto\"><\/div>\n<div dir=\"auto\"><\/div>\n<div dir=\"auto\"><span style=\"font-size: 14pt;\"><img loading=\"lazy\" decoding=\"async\" class=\"aligncenter wp-image-43328 size-large\" src=\"https:\/\/inces.gob.ve\/wp-content\/uploads\/2022\/06\/DSC_1098-1-1024x685.jpg\" alt=\"\" width=\"640\" height=\"428\" srcset=\"https:\/\/inces.gob.ve\/wp-content\/uploads\/2022\/06\/DSC_1098-1-1024x685.jpg 1024w, https:\/\/inces.gob.ve\/wp-content\/uploads\/2022\/06\/DSC_1098-1-300x201.jpg 300w, https:\/\/inces.gob.ve\/wp-content\/uploads\/2022\/06\/DSC_1098-1-768x514.jpg 768w, https:\/\/inces.gob.ve\/wp-content\/uploads\/2022\/06\/DSC_1098-1-1536x1028.jpg 1536w, https:\/\/inces.gob.ve\/wp-content\/uploads\/2022\/06\/DSC_1098-1-272x182.jpg 272w, https:\/\/inces.gob.ve\/wp-content\/uploads\/2022\/06\/DSC_1098-1.jpg 1936w\" sizes=\"auto, (max-width: 640px) 100vw, 640px\" \/><\/span><\/div>\n<div dir=\"auto\"><\/div>\n<div dir=\"auto\" style=\"text-align: justify;\"><span style=\"font-size: 14pt;\">En la medida que las categor\u00edas sub\u00edan, la calidad del juego mejoraba en aspectos t\u00e9cnicos, si embargo, el tes\u00f3n y el esp\u00edritu deportiva fueron los protagonistas de toda la velada.<\/span><\/div>\n<div dir=\"auto\"><\/div>\n<div dir=\"auto\"><\/div>\n<div dir=\"auto\"><span style=\"font-size: 14pt;\"><img loading=\"lazy\" decoding=\"async\" class=\"aligncenter wp-image-43311 size-large\" src=\"https:\/\/inces.gob.ve\/wp-content\/uploads\/2022\/06\/DSC_1081-1024x685.jpg\" alt=\"\" width=\"640\" height=\"428\" srcset=\"https:\/\/inces.gob.ve\/wp-content\/uploads\/2022\/06\/DSC_1081-1024x685.jpg 1024w, https:\/\/inces.gob.ve\/wp-content\/uploads\/2022\/06\/DSC_1081-300x201.jpg 300w, https:\/\/inces.gob.ve\/wp-content\/uploads\/2022\/06\/DSC_1081-768x514.jpg 768w, https:\/\/inces.gob.ve\/wp-content\/uploads\/2022\/06\/DSC_1081-1536x1028.jpg 1536w, https:\/\/inces.gob.ve\/wp-content\/uploads\/2022\/06\/DSC_1081-272x182.jpg 272w, https:\/\/inces.gob.ve\/wp-content\/uploads\/2022\/06\/DSC_1081.jpg 1936w\" sizes=\"auto, (max-width: 640px) 100vw, 640px\" \/><\/span><\/div>\n<div dir=\"auto\"><\/div>\n<div dir=\"auto\"><\/div>\n<div dir=\"auto\"><\/div>\n<div dir=\"auto\"><span style=\"font-size: 14pt;\"><img loading=\"lazy\" decoding=\"async\" class=\"aligncenter wp-image-43329 size-large\" src=\"https:\/\/inces.gob.ve\/wp-content\/uploads\/2022\/06\/DSC_1108-1-1024x685.jpg\" alt=\"\" width=\"640\" height=\"428\" srcset=\"https:\/\/inces.gob.ve\/wp-content\/uploads\/2022\/06\/DSC_1108-1-1024x685.jpg 1024w, https:\/\/inces.gob.ve\/wp-content\/uploads\/2022\/06\/DSC_1108-1-300x201.jpg 300w, https:\/\/inces.gob.ve\/wp-content\/uploads\/2022\/06\/DSC_1108-1-768x514.jpg 768w, https:\/\/inces.gob.ve\/wp-content\/uploads\/2022\/06\/DSC_1108-1-1536x1028.jpg 1536w, https:\/\/inces.gob.ve\/wp-content\/uploads\/2022\/06\/DSC_1108-1-272x182.jpg 272w, https:\/\/inces.gob.ve\/wp-content\/uploads\/2022\/06\/DSC_1108-1.jpg 1936w\" sizes=\"auto, (max-width: 640px) 100vw, 640px\" \/><\/span><\/div>\n","protected":false},"excerpt":{"rendered":"<p>** Aunque los resultados no fueron los esperados, el encuentro deportivo permiti\u00f3 ver cuanto se ha avanzado desde la creaci\u00f3n de la escuela<\/p>\n","protected":false},"author":4,"featured_media":43300,"comment_status":"closed","ping_status":"closed","sticky":false,"template":"","format":"standard","meta":{"footnotes":""},"categories":[2],"tags":[],"class_list":["post-43278","post","type-post","status-publish","format-standard","has-post-thumbnail","hentry","category-blog"],"_links":{"self":[{"href":"https:\/\/inces.gob.ve\/index.php\/wp-json\/wp\/v2\/posts\/43278","targetHints":{"allow":["GET"]}}],"collection":[{"href":"https:\/\/inces.gob.ve\/index.php\/wp-json\/wp\/v2\/posts"}],"about":[{"href":"https:\/\/inces.gob.ve\/index.php\/wp-json\/wp\/v2\/types\/post"}],"author":[{"embeddable":true,"href":"https:\/\/inces.gob.ve\/index.php\/wp-json\/wp\/v2\/users\/4"}],"replies":[{"embeddable":true,"href":"https:\/\/inces.gob.ve\/index.php\/wp-json\/wp\/v2\/comments?post=43278"}],"version-history":[{"count":5,"href":"https:\/\/inces.gob.ve\/index.php\/wp-json\/wp\/v2\/posts\/43278\/revisions"}],"predecessor-version":[{"id":43332,"href":"https:\/\/inces.gob.ve\/index.php\/wp-json\/wp\/v2\/posts\/43278\/revisions\/43332"}],"wp:featuredmedia":[{"embeddable":true,"href":"https:\/\/inces.gob.ve\/index.php\/wp-json\/wp\/v2\/media\/43300"}],"wp:attachment":[{"href":"https:\/\/inces.gob.ve\/index.php\/wp-json\/wp\/v2\/media?parent=43278"}],"wp:term":[{"taxonomy":"category","embeddable":true,"href":"https:\/\/inces.gob.ve\/index.php\/wp-json\/wp\/v2\/categories?post=43278"},{"taxonomy":"post_tag","embeddable":true,"href":"https:\/\/inces.gob.ve\/index.php\/wp-json\/wp\/v2\/tags?post=43278"}],"curies":[{"name":"wp","href":"https:\/\/api.w.org\/{rel}","templated":true}]}}