{"id":43373,"date":"2022-06-27T08:19:27","date_gmt":"2022-06-27T12:19:27","guid":{"rendered":"https:\/\/inces.gob.ve\/?p=43373"},"modified":"2022-06-21T16:36:39","modified_gmt":"2022-06-21T20:36:39","slug":"yaracuy-proponen-al-inces-crear-nuevos-cursos-de-formacion","status":"publish","type":"post","link":"https:\/\/inces.gob.ve\/index.php\/2022\/06\/27\/yaracuy-proponen-al-inces-crear-nuevos-cursos-de-formacion\/","title":{"rendered":"YARACUY | Proponen al Inces crear nuevos cursos de Formaci\u00f3n"},"content":{"rendered":"<p align=\"justify\"><span style=\"color: #000000; font-size: 14pt;\"><span style=\"font-family: Arial, sans-serif;\"><i>**Reparaci\u00f3n y rehabilitaci\u00f3n de dispositivos de asistencia para personas con discapacidad \u00a0<\/i><\/span><\/span><\/p>\n<p align=\"justify\"><span style=\"font-size: 14pt;\"><!--more--><\/span><\/p>\n<p align=\"justify\"><span style=\"color: #073763; font-size: 14pt;\">\u00a0<\/span><\/p>\n<p><span style=\"font-size: 14pt;\"><span style=\"color: #000000;\"><span style=\"font-family: Carlito, sans-serif;\">YOLAICE VARGAS<\/span><\/span><\/span><\/p>\n<p align=\"justify\"><span style=\"font-family: Georgia, serif; font-size: 14pt;\">En reuni\u00f3n sostenida entre personal del Instituto Nacional de Capacitaci\u00f3n y Educaci\u00f3n Socialista (Inces), el Ministerio del Poder Popular para el Trabajo y del Consejo Nacional para Personas con Discapacidad (Conapdis), se formul\u00f3 la propuesta para la creaci\u00f3n de nuevas formaciones direccionados a la reparaci\u00f3n y rehabilitaci\u00f3n de dispositivos de asistencia (bastones, sillas de ruedas, muletas, andaderas, entre otros).<\/span><\/p>\n<p align=\"justify\"><span style=\"font-family: Georgia, serif; font-size: 14pt;\">La intenci\u00f3n de la propuesta es formar y capacitar a los ciudadanos, a fin de preparar a personas que puedan reparar o reconstruir este tipo de dispositivos, los cuales con el pasar de los a\u00f1os se deterioran y el reemplazo en ocasiones es imposible debido a los altos costos. <\/span><\/p>\n<p align=\"justify\"><span style=\"font-family: Georgia, serif; font-size: 14pt;\"><img loading=\"lazy\" decoding=\"async\" class=\"aligncenter wp-image-43374 \" src=\"https:\/\/inces.gob.ve\/wp-content\/uploads\/2022\/06\/IMG-20220606-WA0075-1024x461.jpg\" alt=\"\" width=\"749\" height=\"337\" srcset=\"https:\/\/inces.gob.ve\/wp-content\/uploads\/2022\/06\/IMG-20220606-WA0075-1024x461.jpg 1024w, https:\/\/inces.gob.ve\/wp-content\/uploads\/2022\/06\/IMG-20220606-WA0075-300x135.jpg 300w, https:\/\/inces.gob.ve\/wp-content\/uploads\/2022\/06\/IMG-20220606-WA0075-768x346.jpg 768w, https:\/\/inces.gob.ve\/wp-content\/uploads\/2022\/06\/IMG-20220606-WA0075.jpg 1040w\" sizes=\"auto, (max-width: 749px) 100vw, 749px\" \/> El procurador del MPPT en el estado Yaracuy, Cristhian Jes\u00fas Avenda\u00f1o, destac\u00f3 que durante la reuni\u00f3n se aportaron ideas en relaci\u00f3n a la reparaci\u00f3n de los materiales ortop\u00e9dicos, a fin de concretar de manera satisfactoria la creaci\u00f3n e incorporaci\u00f3n de los cursos o talleres a los programas de formaci\u00f3n existentes en el Inces<\/span><\/p>\n<p align=\"justify\"><span style=\"font-family: Georgia, serif; font-size: 14pt;\">En tal sentido detall\u00f3 que se utilizar\u00edan materiales del entorno, accesibles y de bajos costos tales como: pl\u00e1stico, caucho, madera, entre otros, a fin de minimizar gastos a la hora de recuperar dichos dispositivos, puntualiz\u00f3. <\/span><\/p>\n<p>&nbsp;<\/p>\n","protected":false},"excerpt":{"rendered":"<p>**Reparaci\u00f3n y rehabilitaci\u00f3n de dispositivos de asistencia para personas con discapacidad \u00a0<\/p>\n","protected":false},"author":15,"featured_media":43376,"comment_status":"closed","ping_status":"closed","sticky":false,"template":"","format":"standard","meta":{"footnotes":""},"categories":[2],"tags":[],"class_list":["post-43373","post","type-post","status-publish","format-standard","has-post-thumbnail","hentry","category-blog"],"_links":{"self":[{"href":"https:\/\/inces.gob.ve\/index.php\/wp-json\/wp\/v2\/posts\/43373","targetHints":{"allow":["GET"]}}],"collection":[{"href":"https:\/\/inces.gob.ve\/index.php\/wp-json\/wp\/v2\/posts"}],"about":[{"href":"https:\/\/inces.gob.ve\/index.php\/wp-json\/wp\/v2\/types\/post"}],"author":[{"embeddable":true,"href":"https:\/\/inces.gob.ve\/index.php\/wp-json\/wp\/v2\/users\/15"}],"replies":[{"embeddable":true,"href":"https:\/\/inces.gob.ve\/index.php\/wp-json\/wp\/v2\/comments?post=43373"}],"version-history":[{"count":1,"href":"https:\/\/inces.gob.ve\/index.php\/wp-json\/wp\/v2\/posts\/43373\/revisions"}],"predecessor-version":[{"id":43377,"href":"https:\/\/inces.gob.ve\/index.php\/wp-json\/wp\/v2\/posts\/43373\/revisions\/43377"}],"wp:featuredmedia":[{"embeddable":true,"href":"https:\/\/inces.gob.ve\/index.php\/wp-json\/wp\/v2\/media\/43376"}],"wp:attachment":[{"href":"https:\/\/inces.gob.ve\/index.php\/wp-json\/wp\/v2\/media?parent=43373"}],"wp:term":[{"taxonomy":"category","embeddable":true,"href":"https:\/\/inces.gob.ve\/index.php\/wp-json\/wp\/v2\/categories?post=43373"},{"taxonomy":"post_tag","embeddable":true,"href":"https:\/\/inces.gob.ve\/index.php\/wp-json\/wp\/v2\/tags?post=43373"}],"curies":[{"name":"wp","href":"https:\/\/api.w.org\/{rel}","templated":true}]}}