{"id":43378,"date":"2022-06-27T10:39:31","date_gmt":"2022-06-27T14:39:31","guid":{"rendered":"https:\/\/inces.gob.ve\/?p=43378"},"modified":"2022-06-21T16:45:57","modified_gmt":"2022-06-21T20:45:57","slug":"merida-bachilleres-egresaran-en-aduana-informatica-y-comercio-acreditadas-por-el-inces","status":"publish","type":"post","link":"https:\/\/inces.gob.ve\/index.php\/2022\/06\/27\/merida-bachilleres-egresaran-en-aduana-informatica-y-comercio-acreditadas-por-el-inces\/","title":{"rendered":"M\u00c9RIDA | Bachilleres egresar\u00e1n en Aduana, Inform\u00e1tica y Comercio acreditadas por el Inces"},"content":{"rendered":"<p align=\"justify\"><span style=\"font-size: 14pt;\"><em><strong><span style=\"font-family: Georgia, serif;\">** Se trata de sesenta estudiantes del 6to. A\u00f1o de Bachillerato T\u00e9cnico Comercial del Colegio Inmaculada Concepci\u00f3n de la ciudad de M\u00e9rida, quienes egresar\u00e1n con un perfil productivo<\/span><\/strong><\/em><!--more--><\/span><\/p>\n<p align=\"justify\"><span style=\"font-family: Georgia, serif; font-size: 14pt;\"><b>NADIA LOBO<\/b><\/span><\/p>\n<p align=\"justify\"><span style=\"font-family: Georgia, serif; font-size: 14pt;\">Dando fiel cumplimento a las orientaciones emanadas por el presidente Nicol\u00e1s Maduro, el Inces avanza con el plan especial de formaci\u00f3n y acreditaci\u00f3n de saberes a estudiantes del 5to \u00a0y 6to A\u00f1o de bachillerato que egresar\u00e1n en los pr\u00f3ximos d\u00edas en el estado M\u00e9rida.<\/span><\/p>\n<p align=\"justify\"><span style=\"font-family: Georgia, serif; font-size: 14pt;\">En este sentido, el Inces desarroll\u00f3 de manera exitosa la jornada de acreditaci\u00f3n a 60 estudiantes del 6to a\u00f1o de bachillerato que egresar\u00e1n como T\u00e9cnicos Medio en las siguientes menciones: Aduanas, Comercio e Inform\u00e1tica; perfil productivo que le abre la puerta al campo laboral y al emprendimiento.<\/span><\/p>\n<p align=\"justify\"><span style=\"font-family: Georgia, serif; font-size: 14pt;\">De igual manera se acreditaron cuatro docentes en sus diferentes perfiles productivos quienes tienen ahora la responsabilidad de la formaci\u00f3n de las futuras bachilleres. <\/span><\/p>\n<p align=\"justify\"><span style=\"font-family: Georgia, serif; font-size: 14pt;\">As\u00ed lo inform\u00f3 el gerente regional del Inces-M\u00e9rida, Geldrit Roca, quien destac\u00f3 la participaci\u00f3n de la Divisi\u00f3n de Formaci\u00f3n con su equipo de maestros t\u00e9cnicos productivos (MTP) en sus diferentes \u00e1reas del conocimiento, y el apoyo y acompa\u00f1amiento del cuerpo profesoral del colegio Inmaculada Concepci\u00f3n de esta entidad.<\/span><\/p>\n<p align=\"justify\"><img loading=\"lazy\" decoding=\"async\" class=\"aligncenter wp-image-43379 size-full\" src=\"https:\/\/inces.gob.ve\/wp-content\/uploads\/2022\/06\/INMACULADA-3-e1655844138969.jpg\" alt=\"\" width=\"800\" height=\"600\" \/><\/p>\n<p align=\"justify\"><span style=\"font-family: Georgia, serif; font-size: 14pt;\">Indic\u00f3 igualmente: \u201cSiguiendo las orientaciones del presidente del Inces, Wuikelman Angel Paredes y el apoyo del gobernador del estado M\u00e9rida, Jehyson Guzm\u00e1n, continuamos aplicando el eslogan del Inces, producir formando y formar produciendo, aprovechando la \u00a0gran fortaleza de esta instituci\u00f3n educativa, con la formaci\u00f3n productiva\u201d.<\/span><\/p>\n<p align=\"justify\"><span style=\"font-family: Georgia, serif; font-size: 14pt;\">Daryeli Maita, Yohandra Riera y Daniela Quintero, estudiantes del 6to a\u00f1o menci\u00f3n Inform\u00e1tica, se encuentran actualmente en proceso de pasant\u00edas en diferentes entidades de trabajo, d\u00f3nde aseguran pueden poner en pr\u00e1ctica sus conocimientos como: programar, edici\u00f3n, trabajar con interface de usuario e interface de programador, Redes Sociales, entre otros temas relacionadas con el procesamiento de datos.<\/span><\/p>\n<p align=\"justify\"><span style=\"font-family: Georgia, serif; font-size: 14pt;\">En cuanto a la acreditaci\u00f3n de saberes del Inces, las estudiantes manifestaron estar motivadas, porque aseguran que este certificado de saberes, le a\u00f1ade una competencia m\u00e1s a su formaci\u00f3n y les aporta un perfil productivo.<\/span><\/p>\n<p align=\"justify\"><span style=\"font-family: Georgia, serif; font-size: 14pt;\">Por su parte, Alondra Quintero, estudiante del 6to a\u00f1o menci\u00f3n Aduanas, y cantante en la Orquesta Sinf\u00f3nica de M\u00e9rida, se mostr\u00f3 satisfecha por la jornada de acreditaci\u00f3n del Inces, asegur\u00f3 que al egresar como bachilleres T\u00e9cnico Medio y est\u00e1n en capacidad de trabajar en dependencias aduaneras, impuestos, embarques, puertos y fronteras, as\u00ed como tambi\u00e9n reciben capacitaci\u00f3n en el \u00e1rea administrativa.<\/span><\/p>\n<p align=\"justify\"><span style=\"font-size: 14pt;\">\u201c<span style=\"font-family: Georgia, serif;\">Me parece excelente tener la certificaci\u00f3n del Inces, eso es una ayuda para nosotras, algunas personas piensan que los T\u00e9cnicos Medios no tenemos capacitaci\u00f3n para salir al campo laboral, y al tener una credencial de una instituci\u00f3n reconocida internacionalmente, eso ser\u00e1 de mucha ayuda\u201d, asegur\u00f3 la estudiante.<\/span><\/span><\/p>\n","protected":false},"excerpt":{"rendered":"<p>** Se trata de sesenta estudiantes del 6to. A\u00f1o de Bachillerato T\u00e9cnico Comercial del Colegio Inmaculada Concepci\u00f3n de la ciudad de M\u00e9rida, quienes egresar\u00e1n con un perfil productivo<\/p>\n","protected":false},"author":15,"featured_media":43380,"comment_status":"closed","ping_status":"closed","sticky":false,"template":"","format":"standard","meta":{"footnotes":""},"categories":[2],"tags":[],"class_list":["post-43378","post","type-post","status-publish","format-standard","has-post-thumbnail","hentry","category-blog"],"_links":{"self":[{"href":"https:\/\/inces.gob.ve\/index.php\/wp-json\/wp\/v2\/posts\/43378","targetHints":{"allow":["GET"]}}],"collection":[{"href":"https:\/\/inces.gob.ve\/index.php\/wp-json\/wp\/v2\/posts"}],"about":[{"href":"https:\/\/inces.gob.ve\/index.php\/wp-json\/wp\/v2\/types\/post"}],"author":[{"embeddable":true,"href":"https:\/\/inces.gob.ve\/index.php\/wp-json\/wp\/v2\/users\/15"}],"replies":[{"embeddable":true,"href":"https:\/\/inces.gob.ve\/index.php\/wp-json\/wp\/v2\/comments?post=43378"}],"version-history":[{"count":2,"href":"https:\/\/inces.gob.ve\/index.php\/wp-json\/wp\/v2\/posts\/43378\/revisions"}],"predecessor-version":[{"id":43382,"href":"https:\/\/inces.gob.ve\/index.php\/wp-json\/wp\/v2\/posts\/43378\/revisions\/43382"}],"wp:featuredmedia":[{"embeddable":true,"href":"https:\/\/inces.gob.ve\/index.php\/wp-json\/wp\/v2\/media\/43380"}],"wp:attachment":[{"href":"https:\/\/inces.gob.ve\/index.php\/wp-json\/wp\/v2\/media?parent=43378"}],"wp:term":[{"taxonomy":"category","embeddable":true,"href":"https:\/\/inces.gob.ve\/index.php\/wp-json\/wp\/v2\/categories?post=43378"},{"taxonomy":"post_tag","embeddable":true,"href":"https:\/\/inces.gob.ve\/index.php\/wp-json\/wp\/v2\/tags?post=43378"}],"curies":[{"name":"wp","href":"https:\/\/api.w.org\/{rel}","templated":true}]}}