{"id":43416,"date":"2022-06-29T11:39:02","date_gmt":"2022-06-29T15:39:02","guid":{"rendered":"https:\/\/inces.gob.ve\/?p=43416"},"modified":"2022-06-28T14:37:32","modified_gmt":"2022-06-28T18:37:32","slug":"zulia-inces-formo-a-23-estudiantes-con-necesidades-especiales-del-taller-laboral-maracaibo-en-panificacion-domestica","status":"publish","type":"post","link":"https:\/\/inces.gob.ve\/index.php\/2022\/06\/29\/zulia-inces-formo-a-23-estudiantes-con-necesidades-especiales-del-taller-laboral-maracaibo-en-panificacion-domestica\/","title":{"rendered":"ZULIA | Inces form\u00f3 a 23 estudiantes con necesidades especiales del Taller Laboral Maracaibo en Panificaci\u00f3n Dom\u00e9stica \u00a0"},"content":{"rendered":"<p align=\"justify\"><span style=\"font-family: Georgia, serif;\"><span style=\"font-size: large;\"><i><b>** El grupo recibi\u00f3 la carta de culminaci\u00f3n de su formaci\u00f3n en un acto encabezado por el gerente del Inces Zulia, Jos\u00e9 Vicente Far\u00edas Echeverri. El grupo recibi\u00f3 durante varias semanas su capacitaci\u00f3n en diferentes t\u00e9cnicas en el Centro de Formaci\u00f3n Socialista Maracaibo, a trav\u00e9s de las ense\u00f1anzas del Maestro T\u00e9cnico Productivo, \u00c1ngel Gonz\u00e1lez. El instituto sigue la propuesta de \u201cEducaci\u00f3n para Todos\u201d, de la UNESCO, que promueve el enfoque de la inclusi\u00f3n, para proveer la formaci\u00f3n de los estudiantes con necesidades especiales. <\/b><\/i><\/span><\/span><!--more--><\/p>\n<p align=\"justify\"><span style=\"font-family: Georgia, serif;\"><span style=\"font-size: large;\">MARIANA ALBARR\u00c1N &#8211; LENIN R\u00cdOS<\/span><\/span><\/p>\n<p align=\"justify\"><span style=\"font-family: Georgia, serif;\"><span style=\"font-size: large;\">Siguiendo la propuesta \u201cEducaci\u00f3n para Todos\u201d, de la UNESCO, que promueve el enfoque de la inclusi\u00f3n para proveer la formaci\u00f3n de los estudiantes con necesidades especiales, el Instituto Nacional de Capacitaci\u00f3n y Educaci\u00f3n Socialista (Inces) en el Zulia, se pone al frente para el cumplimiento de esta pol\u00edtica, al entregar en un acto formal, a 23 estudiantes del Taller Laboral Maracaibo, su constancia de culminaci\u00f3n de la formaci\u00f3n en Panificaci\u00f3n Dom\u00e9stica, en las instalaciones del Centro de Formaci\u00f3n Socialista Maracaibo. <\/span><\/span><\/p>\n<p align=\"justify\"><span style=\"font-family: Georgia, serif;\"><span style=\"font-size: large;\">Durante varias semanas, los participantes demostraron sus destrezas y la adquisici\u00f3n de diferentes t\u00e9cnicas de elaboraci\u00f3n de panes, en un proceso que fue conducido por el maestro t\u00e9cnico productivo, \u00c1ngel Gonz\u00e1lez, otorg\u00e1ndole el acceso a la din\u00e1mica productiva de la Patria y un certificado con aval internacional. <img loading=\"lazy\" decoding=\"async\" class=\"aligncenter wp-image-43419 \" src=\"https:\/\/inces.gob.ve\/wp-content\/uploads\/2022\/06\/FVTtayTXEAAzMLm-e1656357601834.jpg\" alt=\"\" width=\"655\" height=\"343\" \/><\/span><\/span><\/p>\n<p align=\"justify\"><span style=\"font-family: Georgia, serif;\"><span style=\"font-size: large;\">El Gerente del Inces Zulia, Jos\u00e9 Vicente Far\u00edas Echeverri, presidi\u00f3 el acto, donde resalt\u00f3 la voluntad demostrada por los instructores y representantes, pero especialmente de los estudiantes del Taller Laboral Maracaibo, \u00a0quien expresaron su amor por la formaci\u00f3n y por la instituci\u00f3n, que los conllev\u00f3 a no solo asistir a sus clases, sino a darle vida a cada uno de los espacios, con actividades que desarrollaron, como un viacrucis viviente el Viernes de Dolores y la exposici\u00f3n que planificaron para el cierre del curso, que impact\u00f3 a todos.<img loading=\"lazy\" decoding=\"async\" class=\"aligncenter wp-image-43417 \" src=\"https:\/\/inces.gob.ve\/wp-content\/uploads\/2022\/06\/FVTtaySWUAEx17t-e1656357644332.jpg\" alt=\"\" width=\"681\" height=\"357\" \/><\/span><\/span><\/p>\n<p align=\"justify\">\u201c<span style=\"font-family: Georgia, serif;\"><span style=\"font-size: large;\">La educaci\u00f3n inclusiva parte de reconocer que se debe promover procesos anclados al ideal de la formaci\u00f3n de todos con equidad, como elemento de justicia social, al brindar oportunidades para todos los ni\u00f1os, ni\u00f1as, adolescentes y adultos, \u00a0que durante d\u00e9cadas han sido consistentemente excluidos, por su condici\u00f3n o discapacidad, pero que la revoluci\u00f3n bolivariana, a trav\u00e9s del Inces, dignifica e incorpora a las acciones para el crecimiento y desarrollo patrio, rompiendo paradigmas\u201d, precis\u00f3 \u00a0Far\u00edas Echeverri. <\/span><\/span><\/p>\n","protected":false},"excerpt":{"rendered":"<p>** El grupo recibi\u00f3 la carta de culminaci\u00f3n de su formaci\u00f3n en un acto encabezado por el gerente del Inces Zulia, Jos\u00e9 Vicente Far\u00edas Echeverri. El grupo recibi\u00f3 durante varias semanas su capacitaci\u00f3n en diferentes t\u00e9cnicas en el Centro de Formaci\u00f3n Socialista Maracaibo, a trav\u00e9s de las ense\u00f1anzas del Maestro T\u00e9cnico Productivo, \u00c1ngel Gonz\u00e1lez. El [&hellip;]<\/p>\n","protected":false},"author":15,"featured_media":43418,"comment_status":"closed","ping_status":"closed","sticky":false,"template":"","format":"standard","meta":{"footnotes":""},"categories":[2],"tags":[],"class_list":["post-43416","post","type-post","status-publish","format-standard","has-post-thumbnail","hentry","category-blog"],"_links":{"self":[{"href":"https:\/\/inces.gob.ve\/index.php\/wp-json\/wp\/v2\/posts\/43416","targetHints":{"allow":["GET"]}}],"collection":[{"href":"https:\/\/inces.gob.ve\/index.php\/wp-json\/wp\/v2\/posts"}],"about":[{"href":"https:\/\/inces.gob.ve\/index.php\/wp-json\/wp\/v2\/types\/post"}],"author":[{"embeddable":true,"href":"https:\/\/inces.gob.ve\/index.php\/wp-json\/wp\/v2\/users\/15"}],"replies":[{"embeddable":true,"href":"https:\/\/inces.gob.ve\/index.php\/wp-json\/wp\/v2\/comments?post=43416"}],"version-history":[{"count":2,"href":"https:\/\/inces.gob.ve\/index.php\/wp-json\/wp\/v2\/posts\/43416\/revisions"}],"predecessor-version":[{"id":43421,"href":"https:\/\/inces.gob.ve\/index.php\/wp-json\/wp\/v2\/posts\/43416\/revisions\/43421"}],"wp:featuredmedia":[{"embeddable":true,"href":"https:\/\/inces.gob.ve\/index.php\/wp-json\/wp\/v2\/media\/43418"}],"wp:attachment":[{"href":"https:\/\/inces.gob.ve\/index.php\/wp-json\/wp\/v2\/media?parent=43416"}],"wp:term":[{"taxonomy":"category","embeddable":true,"href":"https:\/\/inces.gob.ve\/index.php\/wp-json\/wp\/v2\/categories?post=43416"},{"taxonomy":"post_tag","embeddable":true,"href":"https:\/\/inces.gob.ve\/index.php\/wp-json\/wp\/v2\/tags?post=43416"}],"curies":[{"name":"wp","href":"https:\/\/api.w.org\/{rel}","templated":true}]}}