{"id":43427,"date":"2022-06-29T08:40:31","date_gmt":"2022-06-29T12:40:31","guid":{"rendered":"https:\/\/inces.gob.ve\/?p=43427"},"modified":"2022-06-27T15:32:47","modified_gmt":"2022-06-27T19:32:47","slug":"cojedes-inces-uners-acuerdan-articulacion-en-planes-formacion-autoformacion-pasantias-y-tutorias","status":"publish","type":"post","link":"https:\/\/inces.gob.ve\/index.php\/2022\/06\/29\/cojedes-inces-uners-acuerdan-articulacion-en-planes-formacion-autoformacion-pasantias-y-tutorias\/","title":{"rendered":"COJEDES | Inces-Uners acuerdan articulaci\u00f3n en planes formaci\u00f3n, autoformaci\u00f3n, pasant\u00edas y tutor\u00edas"},"content":{"rendered":"<p align=\"justify\"><span style=\"font-size: 14pt;\"><em><strong><span style=\"font-family: Georgia, serif;\">** Abren brecha \u00a0educativa para el impulso de la ciencia y la tecnolog\u00eda<\/span><\/strong><\/em><!--more--><\/span><\/p>\n<p align=\"justify\"><span style=\"font-family: Georgia, serif; font-size: 14pt;\">La gerencia regional del Instituto Nacional de Capacitaci\u00f3n y Educaci\u00f3n Socialista (Inces), a cargo del gerente \u00a0Jos\u00e9 Antonio Mart\u00ednez, en compa\u00f1\u00eda\u00a0 de Eduar Ortega, del equipo de\u00a0 formaci\u00f3n profesional y el responsable de cooperaci\u00f3n y alianzas, Rub\u00e9n Parra, sostuvieron una reuni\u00f3n con el profesorado acad\u00e9mico de la Universidad Nacional Experimental Sim\u00f3n Rodr\u00edguez (Unesr) a fin de iniciar articulaciones en planes de formaci\u00f3n, autoformaci\u00f3n, acreditaci\u00f3n y producci\u00f3n conjunta; as\u00ed como tambi\u00e9n tutor\u00edas y pasant\u00edas a los estudiantes universitarios. <img loading=\"lazy\" decoding=\"async\" class=\"aligncenter wp-image-43428\" src=\"https:\/\/inces.gob.ve\/wp-content\/uploads\/2022\/06\/283683466_560134925578882_7797474787017081314_n-300x169.jpg\" alt=\"\" width=\"734\" height=\"414\" srcset=\"https:\/\/inces.gob.ve\/wp-content\/uploads\/2022\/06\/283683466_560134925578882_7797474787017081314_n-300x169.jpg 300w, https:\/\/inces.gob.ve\/wp-content\/uploads\/2022\/06\/283683466_560134925578882_7797474787017081314_n-768x432.jpg 768w, https:\/\/inces.gob.ve\/wp-content\/uploads\/2022\/06\/283683466_560134925578882_7797474787017081314_n.jpg 1024w\" sizes=\"auto, (max-width: 734px) 100vw, 734px\" \/><\/span><\/p>\n<p align=\"justify\"><span style=\"font-family: Georgia, serif; font-size: 14pt;\">Por la casa de estudios universitarios, estuvo el director de N\u00facleo, profesor Israel Polo, junto con el equipo de direcci\u00f3n de la sede de San Carlos y del movimientos de estudiantes universitarios, quienes desde el sal\u00f3n de reuniones solicitaron al Inces la incorporaci\u00f3n de pasantes de la carrera universitaria de veterinaria en los espacios productivos del Centro de Formaci\u00f3n socialista \u201cJos\u00e9 Laurencio Silva\u201d.<\/span><\/p>\n<p align=\"justify\"><span style=\"font-family: Georgia, serif; font-size: 14pt;\">En los acuerdos, tambi\u00e9n se concret\u00f3 la admisi\u00f3n de pr\u00e1cticas profesionales en el \u00e1rea administrativa.\u00a0 De igual manera, se plante\u00f3 abrir una l\u00ednea de investigaci\u00f3n con los estudiantes de Veterinaria, continuar con las formaciones y acreditaciones a los estudiantes, personal administrativo y profesorado que tengan conocimiento de un oficio calificado.<\/span><\/p>\n<p align=\"justify\"><span style=\"font-family: Georgia, serif; font-size: 14pt;\">Desde el recinto universitario, Polo garantiz\u00f3 que se estar\u00e1 impulsando y proponiendo en plan de formaci\u00f3n y autoformaci\u00f3n para la clase trabajadora del Inces, a los promotores y maestros t\u00e9cnicos productivos adscritos a la unidad de formaci\u00f3n profesional en el estado Cojedes.<\/span><\/p>\n","protected":false},"excerpt":{"rendered":"<p>** Abren brecha \u00a0educativa para el impulso de la ciencia y la tecnolog\u00eda<\/p>\n","protected":false},"author":15,"featured_media":43429,"comment_status":"closed","ping_status":"closed","sticky":false,"template":"","format":"standard","meta":{"footnotes":""},"categories":[2],"tags":[],"class_list":["post-43427","post","type-post","status-publish","format-standard","has-post-thumbnail","hentry","category-blog"],"_links":{"self":[{"href":"https:\/\/inces.gob.ve\/index.php\/wp-json\/wp\/v2\/posts\/43427","targetHints":{"allow":["GET"]}}],"collection":[{"href":"https:\/\/inces.gob.ve\/index.php\/wp-json\/wp\/v2\/posts"}],"about":[{"href":"https:\/\/inces.gob.ve\/index.php\/wp-json\/wp\/v2\/types\/post"}],"author":[{"embeddable":true,"href":"https:\/\/inces.gob.ve\/index.php\/wp-json\/wp\/v2\/users\/15"}],"replies":[{"embeddable":true,"href":"https:\/\/inces.gob.ve\/index.php\/wp-json\/wp\/v2\/comments?post=43427"}],"version-history":[{"count":2,"href":"https:\/\/inces.gob.ve\/index.php\/wp-json\/wp\/v2\/posts\/43427\/revisions"}],"predecessor-version":[{"id":43431,"href":"https:\/\/inces.gob.ve\/index.php\/wp-json\/wp\/v2\/posts\/43427\/revisions\/43431"}],"wp:featuredmedia":[{"embeddable":true,"href":"https:\/\/inces.gob.ve\/index.php\/wp-json\/wp\/v2\/media\/43429"}],"wp:attachment":[{"href":"https:\/\/inces.gob.ve\/index.php\/wp-json\/wp\/v2\/media?parent=43427"}],"wp:term":[{"taxonomy":"category","embeddable":true,"href":"https:\/\/inces.gob.ve\/index.php\/wp-json\/wp\/v2\/categories?post=43427"},{"taxonomy":"post_tag","embeddable":true,"href":"https:\/\/inces.gob.ve\/index.php\/wp-json\/wp\/v2\/tags?post=43427"}],"curies":[{"name":"wp","href":"https:\/\/api.w.org\/{rel}","templated":true}]}}