{"id":43432,"date":"2022-06-30T09:25:00","date_gmt":"2022-06-30T13:25:00","guid":{"rendered":"https:\/\/inces.gob.ve\/?p=43432"},"modified":"2022-06-28T14:33:22","modified_gmt":"2022-06-28T18:33:22","slug":"cojedes-inces-garantiza-formacion-y-acreditacion-a-la-fuerza-trabajadora-de-corpoelec","status":"publish","type":"post","link":"https:\/\/inces.gob.ve\/index.php\/2022\/06\/30\/cojedes-inces-garantiza-formacion-y-acreditacion-a-la-fuerza-trabajadora-de-corpoelec\/","title":{"rendered":"COJEDES | Inces garantiza formaci\u00f3n y acreditaci\u00f3n a la fuerza trabajadora de Corpoelec"},"content":{"rendered":"<p align=\"justify\"><span style=\"font-family: Georgia, serif;\"><span style=\"font-size: large;\">*<i><b>* Inician articulaci\u00f3n interinstitucional para beneficiar al personal adscrito al departamento de Talento Humano <\/b><\/i><\/span><\/span><\/p>\n<p align=\"justify\"><!--more--><\/p>\n<p align=\"justify\"><span style=\"font-family: Georgia, serif;\"><span style=\"font-size: large;\">En un encuentro acordado entre\u00a0 las autoridades regionales del Instituto Nacional de Capacitaci\u00f3n y Educaci\u00f3n Socialista (Inces) y la Corporaci\u00f3n El\u00e9ctrica Nacional (Corpoelec), se estableci\u00f3 el inicio de un plan de formaci\u00f3n y acreditaci\u00f3n dirigido a la fuerza trabajadora encargada de la el\u00e9ctrica nacional en el estado Cojedes. La reuni\u00f3n se realiz\u00f3 en el sal\u00f3n de formaci\u00f3n territorial de Corpoelec. . <\/span><\/span><\/p>\n<p align=\"justify\"><span style=\"font-family: Georgia, serif;\"><span style=\"font-size: large;\">Por el Inces, estuvo presente el gerente regional Jos\u00e9 Antonio Mart\u00ednez, el jefe de formaci\u00f3n profesional, Jos\u00e9 R\u00edos, junto al responsable del Centro de Formaci\u00f3n Socialista \u201cBatalla Taguanes\u201d Eduar Ortega; mientras que \u00a0por la gubernamental el\u00e9ctrica a nivel regional, asisti\u00f3 \u00a0el jefe de divisi\u00f3n de Formaci\u00f3n, Carlos Pinto; as\u00ed como tambi\u00e9n una representante de la fuerza trabajadora, Mayela Jim\u00e9nez. <img loading=\"lazy\" decoding=\"async\" class=\"aligncenter wp-image-43434 size-full\" src=\"https:\/\/inces.gob.ve\/wp-content\/uploads\/2022\/06\/formacion-y-acreditacion-2--e1656440795249.jpg\" alt=\"\" width=\"800\" height=\"418\" \/><\/span><\/span><\/p>\n<p align=\"justify\"><span style=\"font-family: Georgia, serif;\"><span style=\"font-size: large;\">El equipo de formaci\u00f3n de Corpoelec manifest\u00f3 la priorizaci\u00f3n de la acreditaci\u00f3n al personal operador de campo de l\u00ednea, operador de subestaci\u00f3n,\u00a0 electricistas en redes de distribuci\u00f3n Y electricistas en redes de trasmisi\u00f3n; y de igual manera atender personal administrativo y obrero de las distintas jefaturas.\u00a0 <\/span><\/span><\/p>\n<p align=\"justify\"><span style=\"font-family: Georgia, serif;\"><span style=\"font-size: large;\">Mart\u00ednez indic\u00f3 que todo lo acordado en la mesa de trabajo lleg\u00f3 a feliz t\u00e9rmino en calidad de convenio de articulaci\u00f3n interinstitucional. Resalt\u00f3 el compromiso del Inces en brindar la formaci\u00f3n y acreditaci\u00f3n que ser\u00e1 dirigida por Formaci\u00f3n Profesional, acompa\u00f1ado de toda la clase trabajadora representada por los maestros t\u00e9cnicos productivos. <\/span><\/span><\/p>\n","protected":false},"excerpt":{"rendered":"<p>** Inician articulaci\u00f3n interinstitucional para beneficiar al personal adscrito al departamento de Talento Humano<\/p>\n","protected":false},"author":15,"featured_media":43433,"comment_status":"closed","ping_status":"closed","sticky":false,"template":"","format":"standard","meta":{"footnotes":""},"categories":[2],"tags":[],"class_list":["post-43432","post","type-post","status-publish","format-standard","has-post-thumbnail","hentry","category-blog"],"_links":{"self":[{"href":"https:\/\/inces.gob.ve\/index.php\/wp-json\/wp\/v2\/posts\/43432","targetHints":{"allow":["GET"]}}],"collection":[{"href":"https:\/\/inces.gob.ve\/index.php\/wp-json\/wp\/v2\/posts"}],"about":[{"href":"https:\/\/inces.gob.ve\/index.php\/wp-json\/wp\/v2\/types\/post"}],"author":[{"embeddable":true,"href":"https:\/\/inces.gob.ve\/index.php\/wp-json\/wp\/v2\/users\/15"}],"replies":[{"embeddable":true,"href":"https:\/\/inces.gob.ve\/index.php\/wp-json\/wp\/v2\/comments?post=43432"}],"version-history":[{"count":3,"href":"https:\/\/inces.gob.ve\/index.php\/wp-json\/wp\/v2\/posts\/43432\/revisions"}],"predecessor-version":[{"id":43437,"href":"https:\/\/inces.gob.ve\/index.php\/wp-json\/wp\/v2\/posts\/43432\/revisions\/43437"}],"wp:featuredmedia":[{"embeddable":true,"href":"https:\/\/inces.gob.ve\/index.php\/wp-json\/wp\/v2\/media\/43433"}],"wp:attachment":[{"href":"https:\/\/inces.gob.ve\/index.php\/wp-json\/wp\/v2\/media?parent=43432"}],"wp:term":[{"taxonomy":"category","embeddable":true,"href":"https:\/\/inces.gob.ve\/index.php\/wp-json\/wp\/v2\/categories?post=43432"},{"taxonomy":"post_tag","embeddable":true,"href":"https:\/\/inces.gob.ve\/index.php\/wp-json\/wp\/v2\/tags?post=43432"}],"curies":[{"name":"wp","href":"https:\/\/api.w.org\/{rel}","templated":true}]}}