{"id":43438,"date":"2022-06-30T10:45:30","date_gmt":"2022-06-30T14:45:30","guid":{"rendered":"https:\/\/inces.gob.ve\/?p=43438"},"modified":"2022-06-28T14:36:16","modified_gmt":"2022-06-28T18:36:16","slug":"merida-acreditados-13-estudiantes-de-la-escuelatecnica-de-seguridad-y-defensa-de-merida","status":"publish","type":"post","link":"https:\/\/inces.gob.ve\/index.php\/2022\/06\/30\/merida-acreditados-13-estudiantes-de-la-escuelatecnica-de-seguridad-y-defensa-de-merida\/","title":{"rendered":"M\u00c9RIDA | Acreditados 13 estudiantes de la EscuelaT\u00e9cnica de Seguridad y Defensa de M\u00e9rida"},"content":{"rendered":"<p align=\"justify\"><span style=\"font-family: Georgia, serif;\"><span style=\"font-size: large;\"><i><b>** Los estudiantes meride\u00f1os cursan el 6to A\u00f1o de bachillerato y egresaran con un perfil productivo en Seguridad en el Ambiente de Trabajo<\/b><\/i><\/span><\/span><\/p>\n<p align=\"justify\"><!--more--><\/p>\n<p align=\"justify\"><span style=\"font-family: Georgia, serif;\"><span style=\"font-size: large;\">NADIA LOBO<\/span><\/span><\/p>\n<p align=\"justify\"><span style=\"font-family: Georgia, serif;\"><span style=\"font-size: large;\">El Inces M\u00e9rida, a trav\u00e9s de la Unidad de Curr\u00edcula y Did\u00e1ctica, desarroll\u00f3 exitosa jornada en la Escuela T\u00e9cnica de la Seguridad y Defensa, permitiendo la acreditaci\u00f3n de 13 estudiantes que egresar\u00e1n en los pr\u00f3ximos d\u00edas, como Bachilleres con perfil productivo.<\/span><\/span><\/p>\n<p align=\"justify\"><span style=\"font-family: Georgia, serif;\"><span style=\"font-size: large;\">As\u00ed lo inform\u00f3 el gerente regional, Geldrit Roca, quien destac\u00f3 el trabajo mancomunado entre la Zona Educativa de M\u00e9rida, el apoyo del gobernador del estado Bolivariano de M\u00e9rida, Jehyson Guzm\u00e1n, conjuntamente con el Inces, se logr\u00f3 la atenci\u00f3n de manera personal, en cada uno de los oficios a certificar.<\/span><\/span><\/p>\n<p align=\"justify\"><span style=\"font-family: Georgia, serif;\"><span style=\"font-size: large;\">La actividad se desarroll\u00f3 en la Escuela T\u00e9cnica de la Seguridad y Defensa, ubicada en la ciudad de M\u00e9rida, donde se acreditaron estudiantes del 6to a\u00f1o de bachillerato en Seguridad en el Ambiente de Trabajo, entre otros oficios y saberes.<img loading=\"lazy\" decoding=\"async\" class=\"aligncenter wp-image-43440 size-full\" src=\"https:\/\/inces.gob.ve\/wp-content\/uploads\/2022\/06\/SEGURIDAD-Y-DEFENSA-5-e1656441276951.jpg\" alt=\"\" width=\"800\" height=\"369\" \/><\/span><\/span><\/p>\n<p align=\"justify\"><span style=\"font-family: Georgia, serif;\"><span style=\"font-size: large;\">El abordaje integral permiti\u00f3 orientar tanto a estudiantes como a docentes sobre la acreditaci\u00f3n y certificaci\u00f3n que tiene como objetivo, reconocer los saberes, emp\u00edricos, acad\u00e9micos y ancestrales del pueblo, siguiendo las orientaciones del presidente Nicol\u00e1s Maduro, la ministra de Educaci\u00f3n, Yelitza Santaella, y del propio presidente del Inces, Wuikelman Angel Paredes.<\/span><\/span><\/p>\n","protected":false},"excerpt":{"rendered":"<p>** Los estudiantes meride\u00f1os cursan el 6to A\u00f1o de bachillerato y egresaran con un perfil productivo en Seguridad en el Ambiente de Trabajo<\/p>\n","protected":false},"author":15,"featured_media":43439,"comment_status":"closed","ping_status":"closed","sticky":false,"template":"","format":"standard","meta":{"footnotes":""},"categories":[2],"tags":[],"class_list":["post-43438","post","type-post","status-publish","format-standard","has-post-thumbnail","hentry","category-blog"],"_links":{"self":[{"href":"https:\/\/inces.gob.ve\/index.php\/wp-json\/wp\/v2\/posts\/43438","targetHints":{"allow":["GET"]}}],"collection":[{"href":"https:\/\/inces.gob.ve\/index.php\/wp-json\/wp\/v2\/posts"}],"about":[{"href":"https:\/\/inces.gob.ve\/index.php\/wp-json\/wp\/v2\/types\/post"}],"author":[{"embeddable":true,"href":"https:\/\/inces.gob.ve\/index.php\/wp-json\/wp\/v2\/users\/15"}],"replies":[{"embeddable":true,"href":"https:\/\/inces.gob.ve\/index.php\/wp-json\/wp\/v2\/comments?post=43438"}],"version-history":[{"count":2,"href":"https:\/\/inces.gob.ve\/index.php\/wp-json\/wp\/v2\/posts\/43438\/revisions"}],"predecessor-version":[{"id":43442,"href":"https:\/\/inces.gob.ve\/index.php\/wp-json\/wp\/v2\/posts\/43438\/revisions\/43442"}],"wp:featuredmedia":[{"embeddable":true,"href":"https:\/\/inces.gob.ve\/index.php\/wp-json\/wp\/v2\/media\/43439"}],"wp:attachment":[{"href":"https:\/\/inces.gob.ve\/index.php\/wp-json\/wp\/v2\/media?parent=43438"}],"wp:term":[{"taxonomy":"category","embeddable":true,"href":"https:\/\/inces.gob.ve\/index.php\/wp-json\/wp\/v2\/categories?post=43438"},{"taxonomy":"post_tag","embeddable":true,"href":"https:\/\/inces.gob.ve\/index.php\/wp-json\/wp\/v2\/tags?post=43438"}],"curies":[{"name":"wp","href":"https:\/\/api.w.org\/{rel}","templated":true}]}}