{"id":43447,"date":"2022-07-08T15:54:11","date_gmt":"2022-07-08T19:54:11","guid":{"rendered":"https:\/\/inces.gob.ve\/?p=43447"},"modified":"2022-07-08T16:30:14","modified_gmt":"2022-07-08T20:30:14","slug":"prensa-inces-certificacion-de-saberes-historico-y-muy-actual-programa-institucional","status":"publish","type":"post","link":"https:\/\/inces.gob.ve\/index.php\/2022\/07\/08\/prensa-inces-certificacion-de-saberes-historico-y-muy-actual-programa-institucional\/","title":{"rendered":"Prensa Inces | Certificaci\u00f3n de saberes: hist\u00f3rico y muy actual programa institucional"},"content":{"rendered":"<p align=\"justify\"><span style=\"font-family: Georgia, serif;\"><span style=\"font-size: large;\"><i><b>*** El nuevo prop\u00f3sito es proveer de un oficio t\u00e9cnico a los nuevos bachilleres para abrirles puertas a los mercados laborales <\/b><\/i><\/span><\/span><!--more--><\/p>\n<p align=\"justify\"><span style=\"font-family: Georgia, serif;\"><span style=\"font-size: large;\">A mediados del a\u00f1o pasado, y en presencia del presidente de la Rep\u00fablica, Nicol\u00e1s Maduro Moros, se formaliz\u00f3 una solicitud de la Federaci\u00f3n Venezolana de Estudiantes de Educaci\u00f3n Media (Feveem) para incluir a todos los estudiantes que est\u00e1n en los \u00faltimos a\u00f1os de bachillerato (5to y 6to), a objeto de suministrarles un conocimiento t\u00e9cnico y pr\u00e1ctico a fin de garantizar mayor integralidad en su formaci\u00f3n con valor hacia lo productivo brindando mayores ventajas comparativas hacia el mundo del trabajo o el mundo universitario.<\/span><\/span><\/p>\n<p align=\"justify\"><span style=\"font-family: Georgia, serif;\"><span style=\"font-size: large;\">De acuerdo al Plan de Acci\u00f3n, el Instituto Nacional de Capacitaci\u00f3n y Educaci\u00f3n Socialista (Inces) jugar\u00eda un papel preponderante y avalista, como fue solicitado por el gremio estudiantil, para propiciar que el 100 % de los aspirantes al t\u00edtulo de bachiller tengan una formaci\u00f3n t\u00e9cnica antes de culminar el a\u00f1o escolar. La iniciativa incluye otro tipo de modalidad educativa o escenario como las escuelas t\u00e9cnicas, las misiones, formaci\u00f3n Inces propiamente dicha y las escuelas de artes y oficios.<\/span><\/span><\/p>\n<p align=\"justify\"><span style=\"font-family: Georgia, serif;\"><span style=\"font-size: large;\">Este auspicioso tema abordado en la edici\u00f3n ininterrumpida n\u00famero 210 del programa radial Somos Inces, que transmite jueves a jueves Radio Miraflores a nivel nacional y cuenta con el concurso, precisamente, de j\u00f3venes aprendices Inces que se perfilan hacia el mundo laboral y que participan de esta vitrina expositora donde se describen y analizan las diversas situaciones acaecidas en cada programa o iniciativa de formaci\u00f3n profesional de la noble instituci\u00f3n.<\/span><\/span><\/p>\n<p align=\"justify\"><img loading=\"lazy\" decoding=\"async\" class=\"aligncenter wp-image-43450 size-full\" src=\"https:\/\/inces.gob.ve\/wp-content\/uploads\/2022\/07\/estudiante-02-3--e1657311717765.jpg\" alt=\"\" width=\"800\" height=\"531\" \/><\/p>\n<p align=\"justify\"><span style=\"font-family: Georgia, serif;\"><span style=\"font-size: large;\">Es sabido que el grueso de la capacitaci\u00f3n brindada abarca 365 ocupaciones certificables que est\u00e1n ubicadas en diferentes \u00e1reas del hacer y corresponden a los requerimientos m\u00e1s necesarios en el pa\u00eds: Turismo, Salud, Servicios, Tecnolog\u00eda, Industria, Inform\u00e1tica, Agr\u00edcola, entre otros. Se aspira a la formaci\u00f3n de 320 mil estudiantes en esta etapa educativa.<\/span><\/span><\/p>\n<p align=\"justify\"><strong><span style=\"font-family: Georgia, serif;\"><span style=\"font-size: large;\">La certificaci\u00f3n de saberes<\/span><\/span><\/strong><span style=\"font-family: Georgia, serif;\"><span style=\"font-size: large;\">\u00a0en Venezuela es un plan que beneficia a aquellos que tienen un oficio o conocimiento emp\u00edrico. Se enfoca en reconocer la habilidad de las personas para determinada funci\u00f3n. El Inces se est\u00e1 constituyendo en el principal promotor de este proyecto. Actualmente\u00a0<\/span><\/span><strong><span style=\"font-family: Georgia, serif;\"><span style=\"font-size: large;\">prioriza a los estudiantes de educaci\u00f3n media como hemos descrito, m\u00e1s s<\/span><\/span><\/strong><span style=\"font-family: Georgia, serif;\"><span style=\"font-size: large;\">in embargo, no se deja de atender otros sectores de la sociedad.<\/span><\/span><\/p>\n<p align=\"justify\"><span style=\"font-family: Georgia, serif;\"><span style=\"font-size: large;\">Hern\u00e1n Garboza, para el momento del arranque del programa ya fung\u00eda como gerente general de Formaci\u00f3n Profesional, asegur\u00f3 en una intervenci\u00f3n grabada que \u201cla certificaci\u00f3n se hace bajo el <\/span><\/span><em><span style=\"font-family: Georgia, serif;\"><span style=\"font-size: large;\">aprender haciendo y dio como ejemplo<\/span><\/span><\/em> <em><span style=\"font-family: Georgia, serif;\"><span style=\"font-size: large;\">el de un pescador quien, a\u00fan cuando no haya ido a ninguna escuela de pesca o a ninguna universidad del mar para aprender esta ocupaci\u00f3n, tiene el saber y se le debe reconocer\u201d, explic\u00f3.<\/span><\/span><\/em><\/p>\n<p align=\"justify\"><span style=\"font-family: Georgia, serif;\"><span style=\"font-size: large;\">El proceso es sencillo, siempre y cuando se demuestre que se est\u00e1 capacitado. <\/span><\/span><em><span style=\"font-family: Georgia, serif;\"><span style=\"font-size: large;\">Se hace una demostraci\u00f3n\u00a0<\/span><\/span><\/em><strong><span style=\"font-family: Georgia, serif;\"><span style=\"font-size: large;\">mediante el di\u00e1logo<\/span><\/span><\/strong><em><span style=\"font-family: Georgia, serif;\"><span style=\"font-size: large;\">\u00a0de saberes con especialistas y personas expertas en el Inces. No obstante, el <\/span><\/span><\/em><span style=\"font-family: Georgia, serif;\"><span style=\"font-size: large;\">instituto cuenta con la opci\u00f3n de formar a quienes desean certificarse y tienen alguna debilidad en el oficio.<\/span><\/span><\/p>\n<p align=\"justify\"><span style=\"font-family: Georgia, serif;\"><span style=\"font-size: large;\">Como ventajas de todo este entramado formativo se aprecia el desarrollo capacidades en competencias laborales b\u00e1sicas, de acceso al\u00a0trabajo, y\u00a0de\u00a0contenidos t\u00e9cnicos digitales; con diferentes tipos\u00a0de\u00a0poblaciones a trav\u00e9s\u00a0de\u00a0formaciones virtuales y presenciales.<\/span><\/span><\/p>\n<p align=\"justify\"><span style=\"font-family: Georgia, serif;\"><span style=\"font-size: large;\">Recordemos que la formaci\u00f3n incrementa la productividad de los trabajadores, aumenta su motivaci\u00f3n, genera mayor confianza en la propia organizaci\u00f3n, suscita un sentimiento de adhesi\u00f3n y pertenencia a la empresa, disminuye la sensaci\u00f3n de estancamiento profesional y aumenta los periodos de permanencia en\u00a0 <\/span><\/span><span style=\"font-family: Georgia, serif;\"><span style=\"font-size: large;\">Las personas que se certifican y se acreditan en el Inces pueden desempe\u00f1arse en cualquier\u00a0<\/span><\/span><strong><span style=\"font-family: Georgia, serif;\"><span style=\"font-size: large;\">\u00e1rea de trabajo en la que fueron acreditadas<\/span><\/span><\/strong><span style=\"font-family: Georgia, serif;\"><span style=\"font-size: large;\">. Aparte de la certificaci\u00f3n de saberes, el Inces habilit\u00f3 un<\/span><\/span><strong><span style=\"font-family: Georgia, serif;\"><span style=\"font-size: large;\">\u00a0Campus Virtual<\/span><\/span><\/strong><span style=\"font-family: Georgia, serif;\"><span style=\"font-size: large;\">. En este espacio se ofrecen 14 formaciones tanto a los estudiantes de 5to y 6to a\u00f1o de bachillerato como a la poblaci\u00f3n en general.<img loading=\"lazy\" decoding=\"async\" class=\"alignnone wp-image-43452 \" src=\"https:\/\/inces.gob.ve\/wp-content\/uploads\/2022\/07\/estudiantes-inces-00-e1657311738133.png\" alt=\"\" width=\"850\" height=\"554\" \/><\/span><\/span><\/p>\n<p align=\"justify\"><strong><span style=\"font-family: Georgia, serif;\"><span style=\"font-size: large;\">La oferta formativa abarca Administraci\u00f3n de redes sociales<\/span><\/span><\/strong><span style=\"font-family: Georgia, serif;\"><span style=\"font-size: large;\">, Constituci\u00f3n de unidades econ\u00f3micas, Dispositivos, aplicaciones y herramientas de la comunicaci\u00f3n digital., adem\u00e1s, Edici\u00f3n de p\u00e1ginas\u00a0<\/span><\/span><em><span style=\"font-family: Georgia, serif;\"><span style=\"font-size: large;\">Web<\/span><\/span><\/em><span style=\"font-family: Georgia, serif;\"><span style=\"font-size: large;\">, Elaboraci\u00f3n y formulaci\u00f3n de proyectos, Habilidades Socioemocionales. Tambi\u00e9n est\u00e1 el\u00a0<\/span><\/span><strong><span style=\"font-family: Georgia, serif;\"><span style=\"font-size: large;\">Nuevo modelo de gesti\u00f3n productiva<\/span><\/span><\/strong><span style=\"font-family: Georgia, serif;\"><span style=\"font-size: large;\">, orientaci\u00f3n y atenci\u00f3n al usuario, ortograf\u00eda y redacci\u00f3n. <\/span><\/span><strong><span style=\"font-family: Georgia, serif;\"><span style=\"font-size: large;\">Incluye tambi\u00e9n<\/span><\/span><\/strong><span style=\"font-family: Georgia, serif;\"><span style=\"font-size: large;\">, pensamiento creativo y productivo, plan de negocios, proyecto \u00e9tico de vida, realizaci\u00f3n audiovisual con tel\u00e9fono m\u00f3vil para plataformas digitales y redacci\u00f3n digital. <\/span><\/span><\/p>\n<p align=\"justify\"><span style=\"font-family: Georgia, serif;\"><span style=\"font-size: large;\">Sin embargo, a petici\u00f3n de quienes se acercan a los m\u00e1s de 140 centros de formaci\u00f3n Inces de todo el pa\u00eds y a los comentarios que se reciben v\u00eda redes sociales, cualquier persona puede postularse para cursar las formaciones habilitadas en el Campus Virtual Inces.<\/span><\/span><\/p>\n<p align=\"justify\"><span style=\"font-family: Georgia, serif;\"><span style=\"font-size: large;\">Para el viceministro Wuikelman Angel, esta iniciativa, pensada por los muchachos de la Feveem, es un homenaje al educador Arist\u00f3bulo Ist\u00fariz; un maestro que siempre estuvo muy ligado al Inces, pues se\u00f1alaba que los j\u00f3venes deben ser capaces de hacer cosas y no solo aprenderlas.<\/span><\/span><\/p>\n","protected":false},"excerpt":{"rendered":"<p>*** El nuevo prop\u00f3sito es proveer de un oficio t\u00e9cnico a los nuevos bachilleres para abrirles puertas a los mercados laborales<\/p>\n","protected":false},"author":15,"featured_media":43451,"comment_status":"closed","ping_status":"closed","sticky":false,"template":"","format":"standard","meta":{"footnotes":""},"categories":[2],"tags":[],"class_list":["post-43447","post","type-post","status-publish","format-standard","has-post-thumbnail","hentry","category-blog"],"_links":{"self":[{"href":"https:\/\/inces.gob.ve\/index.php\/wp-json\/wp\/v2\/posts\/43447","targetHints":{"allow":["GET"]}}],"collection":[{"href":"https:\/\/inces.gob.ve\/index.php\/wp-json\/wp\/v2\/posts"}],"about":[{"href":"https:\/\/inces.gob.ve\/index.php\/wp-json\/wp\/v2\/types\/post"}],"author":[{"embeddable":true,"href":"https:\/\/inces.gob.ve\/index.php\/wp-json\/wp\/v2\/users\/15"}],"replies":[{"embeddable":true,"href":"https:\/\/inces.gob.ve\/index.php\/wp-json\/wp\/v2\/comments?post=43447"}],"version-history":[{"count":3,"href":"https:\/\/inces.gob.ve\/index.php\/wp-json\/wp\/v2\/posts\/43447\/revisions"}],"predecessor-version":[{"id":43453,"href":"https:\/\/inces.gob.ve\/index.php\/wp-json\/wp\/v2\/posts\/43447\/revisions\/43453"}],"wp:featuredmedia":[{"embeddable":true,"href":"https:\/\/inces.gob.ve\/index.php\/wp-json\/wp\/v2\/media\/43451"}],"wp:attachment":[{"href":"https:\/\/inces.gob.ve\/index.php\/wp-json\/wp\/v2\/media?parent=43447"}],"wp:term":[{"taxonomy":"category","embeddable":true,"href":"https:\/\/inces.gob.ve\/index.php\/wp-json\/wp\/v2\/categories?post=43447"},{"taxonomy":"post_tag","embeddable":true,"href":"https:\/\/inces.gob.ve\/index.php\/wp-json\/wp\/v2\/tags?post=43447"}],"curies":[{"name":"wp","href":"https:\/\/api.w.org\/{rel}","templated":true}]}}