{"id":43454,"date":"2022-07-11T14:56:39","date_gmt":"2022-07-11T18:56:39","guid":{"rendered":"https:\/\/inces.gob.ve\/?p=43454"},"modified":"2022-07-11T14:58:32","modified_gmt":"2022-07-11T18:58:32","slug":"la-guaira-inces-militar-se-incorpora-a-la-rehabilitacion-de-centros-educativos-y-de-salud","status":"publish","type":"post","link":"https:\/\/inces.gob.ve\/index.php\/2022\/07\/11\/la-guaira-inces-militar-se-incorpora-a-la-rehabilitacion-de-centros-educativos-y-de-salud\/","title":{"rendered":"LA GUAIRA | Inces Militar se incorpora a la rehabilitaci\u00f3n de centros educativos y de salud"},"content":{"rendered":"<p align=\"justify\"><span style=\"font-size: 14pt;\"><span style=\"font-family: Georgia, serif;\"><i><b>** El Ejecutivo Nacional orient\u00f3 la conformaci\u00f3n de brigadas militares para la recuperaci\u00f3n y activaci\u00f3n de espacios.<\/b><\/i><\/span><!--more--><\/span><\/p>\n<p align=\"justify\"><span style=\"font-family: Georgia, serif; font-size: 14pt;\">Este 25 de junio, inici\u00f3 la organizaci\u00f3n de las Brigadas Comunitarias \u2013 Militares en aras de conformar grupos de trabajo para la rehabilitaci\u00f3n de la infraestructura de los centros educativos y de salud.<\/span><\/p>\n<p align=\"justify\"><span style=\"font-family: Georgia, serif; font-size: 14pt;\">Para orientar el trabajo, se efectu\u00f3 un encuentro en la Zodi La Guaira con personal del Inces, representantes de diversas instituciones educativas y autoridades como el secretario de Desarrollo Pol\u00edtico de la Gobernaci\u00f3n del estado La Guaira, Alexis Rumbos y la autoridad \u00fanica de educaci\u00f3n, Daniel Gonz\u00e1lez.<\/span><\/p>\n<p align=\"justify\"><span style=\"font-family: Georgia, serif; font-size: 14pt;\">Durante el anuncio de esta tarea, el presidente de la Rep\u00fablica, Nicol\u00e1s Maduro, expres\u00f3 que la conformaci\u00f3n de estas brigadas tendr\u00e1n la tarea expresa de reparar la infraestructura de los centros educativos y simoncitos y la activaci\u00f3n y equipamiento de los centros de salud y ambulatorios que han demostrado presentar irregularidades.<\/span><\/p>\n<p align=\"justify\"><span style=\"font-family: Georgia, serif; font-size: 14pt;\">En el estado La Guaira se dar\u00e1 inicio a este proceso con 20 centros educativos como primera fase; posteriormente se integrar\u00e1n otros centros hasta alcanzar una meta de atenci\u00f3n de 315 planteles educativos que existen en la entidad.<\/span><\/p>\n<p align=\"justify\"><span style=\"font-family: Georgia, serif; font-size: 14pt;\">De acuerdo a lo planteado en esta reuni\u00f3n, este plan se ejecutar\u00e1 por eje, iniciando desde el I hasta el V donde se elegir\u00e1 una instituci\u00f3n emblem\u00e1tica en cada uno de ellos \/ YC.<\/span><\/p>\n","protected":false},"excerpt":{"rendered":"<p>** El Ejecutivo Nacional orient\u00f3 la conformaci\u00f3n de brigadas militares para la recuperaci\u00f3n y activaci\u00f3n de espacios.<\/p>\n","protected":false},"author":15,"featured_media":43455,"comment_status":"closed","ping_status":"closed","sticky":false,"template":"","format":"standard","meta":{"footnotes":""},"categories":[2],"tags":[],"class_list":["post-43454","post","type-post","status-publish","format-standard","has-post-thumbnail","hentry","category-blog"],"_links":{"self":[{"href":"https:\/\/inces.gob.ve\/index.php\/wp-json\/wp\/v2\/posts\/43454","targetHints":{"allow":["GET"]}}],"collection":[{"href":"https:\/\/inces.gob.ve\/index.php\/wp-json\/wp\/v2\/posts"}],"about":[{"href":"https:\/\/inces.gob.ve\/index.php\/wp-json\/wp\/v2\/types\/post"}],"author":[{"embeddable":true,"href":"https:\/\/inces.gob.ve\/index.php\/wp-json\/wp\/v2\/users\/15"}],"replies":[{"embeddable":true,"href":"https:\/\/inces.gob.ve\/index.php\/wp-json\/wp\/v2\/comments?post=43454"}],"version-history":[{"count":2,"href":"https:\/\/inces.gob.ve\/index.php\/wp-json\/wp\/v2\/posts\/43454\/revisions"}],"predecessor-version":[{"id":43457,"href":"https:\/\/inces.gob.ve\/index.php\/wp-json\/wp\/v2\/posts\/43454\/revisions\/43457"}],"wp:featuredmedia":[{"embeddable":true,"href":"https:\/\/inces.gob.ve\/index.php\/wp-json\/wp\/v2\/media\/43455"}],"wp:attachment":[{"href":"https:\/\/inces.gob.ve\/index.php\/wp-json\/wp\/v2\/media?parent=43454"}],"wp:term":[{"taxonomy":"category","embeddable":true,"href":"https:\/\/inces.gob.ve\/index.php\/wp-json\/wp\/v2\/categories?post=43454"},{"taxonomy":"post_tag","embeddable":true,"href":"https:\/\/inces.gob.ve\/index.php\/wp-json\/wp\/v2\/tags?post=43454"}],"curies":[{"name":"wp","href":"https:\/\/api.w.org\/{rel}","templated":true}]}}