{"id":43458,"date":"2022-07-11T15:31:17","date_gmt":"2022-07-11T19:31:17","guid":{"rendered":"https:\/\/inces.gob.ve\/?p=43458"},"modified":"2022-07-11T15:37:29","modified_gmt":"2022-07-11T19:37:29","slug":"falcon-70-estudiantes-de-la-unidad-educativa-simon-rodriguez-en-punto-fijo-realizan-muestra-productiva","status":"publish","type":"post","link":"https:\/\/inces.gob.ve\/index.php\/2022\/07\/11\/falcon-70-estudiantes-de-la-unidad-educativa-simon-rodriguez-en-punto-fijo-realizan-muestra-productiva\/","title":{"rendered":"FALC\u00d3N | 70 estudiantes de la Unidad Educativa Sim\u00f3n Rodr\u00edguez en Punto Fijo realizan muestra productiva"},"content":{"rendered":"<p align=\"justify\"><span style=\"font-size: 14pt;\"><span style=\"font-family: Georgia, serif;\"><i><b>** Los j\u00f3venes hicieron una demostraci\u00f3n de saberes y de logros alcanzados con el bachillerato productivo<\/b><\/i><\/span><!--more--><\/span><\/p>\n<p><span style=\"font-size: 14pt;\">Miriam Gonz\u00e1lez Villarroel<\/span><\/p>\n<p align=\"justify\"><span style=\"font-family: Georgia, serif; font-size: 14pt;\">Los j\u00f3venes el municipio Carirubana fueron acreditados de la mano del Instituto Nacional de Capacitaci\u00f3n y Educaci\u00f3n Socialista (Inces) y del talento t\u00e9cnico de los docentes de la instituci\u00f3n, quienes avanzan en la atenci\u00f3n de formar productivamente a los futuros bachilleres en toda la regi\u00f3n y el pa\u00eds.<\/span><\/p>\n<p><span style=\"font-size: 14pt;\">En consecuencia, en la Unidad Educativa Nacional \u00abSim\u00f3n Rodriguez\u00bb del municipio carirubana, 70 j\u00f3venes presentaron sus muestras en las \u00e1reas productivas: Panificacion Dom\u00e9stica, Cocina Dom\u00e9stica, Elaboraci\u00f3n de Tortas, \u00a0Recreaci\u00f3n, Dibujo Aplicado a las Artes Gr\u00e1ficas y B\u00e1sico de Refrigeraci\u00f3n, oficios que les certificar\u00e1 sus perfiles productivos.<\/span><\/p>\n<p align=\"justify\"><span style=\"font-family: Georgia, serif; font-size: 14pt;\"><img loading=\"lazy\" decoding=\"async\" class=\"aligncenter wp-image-43461 size-full\" src=\"https:\/\/inces.gob.ve\/wp-content\/uploads\/2022\/07\/bachillerato-productivo3--e1657567618196.jpeg\" alt=\"\" width=\"800\" height=\"600\" \/><\/span><\/p>\n<p><span style=\"font-size: 14pt;\">En este trayecto de aprendizajes los j\u00f3venes son guiados por los maestros certificados por el Inces y supervisados por el talento t\u00e9cnico de la maestra del Inces, Raiza Parada.<\/span><\/p>\n<p><span style=\"font-size: 14pt;\">Precis\u00f3 \u00c1ngela D\u00edaz, responsable de certificar y supervisar a los j\u00f3venes en el \u00e1rea de Recreaci\u00f3n, que se est\u00e1n efectuando cursos, formando a los j\u00f3venes a egresar como bachilleres con aprendizajes pertinentes a su realidad local.<\/span><br \/>\n<span style=\"font-size: 14pt;\"><img loading=\"lazy\" decoding=\"async\" class=\"aligncenter wp-image-43459 size-full\" src=\"https:\/\/inces.gob.ve\/wp-content\/uploads\/2022\/07\/bachillerato-productivo1--e1657567799594.jpeg\" alt=\"\" width=\"800\" height=\"600\" \/><\/span><br \/>\n<span style=\"font-size: 14pt;\">En esta ardua tarea de trabajar por la juventud, el Inces en conjunto con los responsables intercircuitales, supervisores circuitales, directores, personal docente, administrativo, obrero y la comunidad en general, establecieron un plan de atenci\u00f3n para dar respuestas a las necesidades formativas de los futuros Bachilleres Productivos.<\/span><\/p>\n<p>&nbsp;<\/p>\n","protected":false},"excerpt":{"rendered":"<p>** Los j\u00f3venes hicieron una demostraci\u00f3n de saberes y de logros alcanzados con el bachillerato productivo<\/p>\n","protected":false},"author":15,"featured_media":43460,"comment_status":"closed","ping_status":"closed","sticky":false,"template":"","format":"standard","meta":{"footnotes":""},"categories":[2],"tags":[],"class_list":["post-43458","post","type-post","status-publish","format-standard","has-post-thumbnail","hentry","category-blog"],"_links":{"self":[{"href":"https:\/\/inces.gob.ve\/index.php\/wp-json\/wp\/v2\/posts\/43458","targetHints":{"allow":["GET"]}}],"collection":[{"href":"https:\/\/inces.gob.ve\/index.php\/wp-json\/wp\/v2\/posts"}],"about":[{"href":"https:\/\/inces.gob.ve\/index.php\/wp-json\/wp\/v2\/types\/post"}],"author":[{"embeddable":true,"href":"https:\/\/inces.gob.ve\/index.php\/wp-json\/wp\/v2\/users\/15"}],"replies":[{"embeddable":true,"href":"https:\/\/inces.gob.ve\/index.php\/wp-json\/wp\/v2\/comments?post=43458"}],"version-history":[{"count":6,"href":"https:\/\/inces.gob.ve\/index.php\/wp-json\/wp\/v2\/posts\/43458\/revisions"}],"predecessor-version":[{"id":43468,"href":"https:\/\/inces.gob.ve\/index.php\/wp-json\/wp\/v2\/posts\/43458\/revisions\/43468"}],"wp:featuredmedia":[{"embeddable":true,"href":"https:\/\/inces.gob.ve\/index.php\/wp-json\/wp\/v2\/media\/43460"}],"wp:attachment":[{"href":"https:\/\/inces.gob.ve\/index.php\/wp-json\/wp\/v2\/media?parent=43458"}],"wp:term":[{"taxonomy":"category","embeddable":true,"href":"https:\/\/inces.gob.ve\/index.php\/wp-json\/wp\/v2\/categories?post=43458"},{"taxonomy":"post_tag","embeddable":true,"href":"https:\/\/inces.gob.ve\/index.php\/wp-json\/wp\/v2\/tags?post=43458"}],"curies":[{"name":"wp","href":"https:\/\/api.w.org\/{rel}","templated":true}]}}