{"id":43529,"date":"2022-07-12T14:54:51","date_gmt":"2022-07-12T18:54:51","guid":{"rendered":"https:\/\/inces.gob.ve\/?p=43529"},"modified":"2022-07-12T16:49:51","modified_gmt":"2022-07-12T20:49:51","slug":"inces-participo-en-la-feria-de-oportunidades-para-los-futuros-bachilleres","status":"publish","type":"post","link":"https:\/\/inces.gob.ve\/index.php\/2022\/07\/12\/inces-participo-en-la-feria-de-oportunidades-para-los-futuros-bachilleres\/","title":{"rendered":"Inces particip\u00f3 en la Feria de Oportunidades para los futuros bachilleres"},"content":{"rendered":"<p align=\"justify\"><span style=\"font-size: 14pt;\"><span style=\"font-family: Georgia, serif;\"><i><b>**En la \u00e9poca de la IV rep\u00fablica exist\u00edan 20 universidades y hoy Venezuela cuenta con 72 universidades.<\/b><\/i><\/span><!--more--><\/span><\/p>\n<p align=\"justify\"><span style=\"font-family: Georgia, serif; font-size: 14pt;\">Dimas P\u00e1ez<\/span><\/p>\n<p align=\"justify\"><span style=\"font-family: Georgia, serif; font-size: 14pt;\">Desde el Circulo Militar de Caracas, en el sal\u00f3n Venezuela, se llevo a cabo la \u201cFeria de Oportunidades\u201d donde participan los estudiantes de varios liceos de la Gran Caracas y los aprendices del Instituto Nacional de Capacitaci\u00f3n y Educaci\u00f3n Socialista (Inces). <\/span><\/p>\n<p align=\"justify\"><span style=\"font-family: Georgia, serif; font-size: 14pt;\">El acto cont\u00f3 con la presencia de la ministra para la Educaci\u00f3n Universitaria, Tibisay Lucena, la ministra del Poder Popular para la Educaci\u00f3n, Yelitze Santaella, jefe de Gobierno del Distrito Capital, Nah\u00fam Fern\u00e1ndez, la almirante, Carmen Mel\u00e9ndez, alcaldesa de Caracas, la diputada a la Asamblea Nacional, Tan\u00eda D\u00edaz y los rectores de cada universidad presente.<img loading=\"lazy\" decoding=\"async\" class=\"aligncenter wp-image-43534 size-full\" src=\"https:\/\/inces.gob.ve\/wp-content\/uploads\/2022\/07\/Feria-de-Oportunidades8--e1657651791203.jpg\" alt=\"\" width=\"800\" height=\"536\" \/> <\/span><\/p>\n<p align=\"justify\"><span style=\"font-family: Georgia, serif; font-size: 14pt;\">La Feria de Oportunidades sirvi\u00f3 para presentarle a los futuros bachilleres las opciones que le ofrece el Gobierno Nacional y las diversas mallas curriculares con la que cuentan la UBV, UNEXCA, UNESR, UNETI, UPA, UNEFA, UNES, Misi\u00f3n Sucre, UPTAMCA, ENAHP, UMC \u201cHugo Ch\u00e1vez Fr\u00edas\u201d, UNETRANS, UPTCMS, UNETI, UPTVT, UPTBAL, IUAC, UBT \u201cJes\u00fas Rivero\u201d, UNEN \u201cSamuel Robinson\u201d, FUNDAYACUCHO, JAMES y el Inces. Para ello, las instituciones expusieron las ofertas acad\u00e9micas a los j\u00f3venes. El sistema incluye las 174 carreras priorizadas, vinculas a los 18 motores productivos.<img loading=\"lazy\" decoding=\"async\" class=\"aligncenter wp-image-43532 size-full\" src=\"https:\/\/inces.gob.ve\/wp-content\/uploads\/2022\/07\/Feria-de-Oportunidades5--e1657651833499.jpg\" alt=\"\" width=\"800\" height=\"536\" \/><\/span><\/p>\n<p align=\"justify\"><span style=\"font-family: Georgia, serif; font-size: 14pt;\">Por su parte Yelitze Santaella describi\u00f3 lo importante de esta feria al resaltar: \u201cSiguiendo instrucciones del ciudadano presidente de la Rep\u00fablica y de la ciudadana Ministra de Educaci\u00f3n Universitaria, hoy estamos realizando esta feria con la participaci\u00f3n de nuestros bachilleres. Mostrar todo este trabajo que vienen realizando los ministerios y cada una de las universidades acantonadas en el pa\u00eds, donde los j\u00f3venes hoy han tenido una participaci\u00f3n protag\u00f3nica al conocer las distintas carreras universitarias que se est\u00e1n ofertando para el desarrollo nacional .\u201d<img loading=\"lazy\" decoding=\"async\" class=\"aligncenter wp-image-43533 size-full\" src=\"https:\/\/inces.gob.ve\/wp-content\/uploads\/2022\/07\/Feria-de-Oportunidades7--e1657651873661.jpg\" alt=\"\" width=\"800\" height=\"536\" \/><\/span><\/p>\n<p align=\"justify\"><span style=\"font-family: Georgia, serif; font-size: 14pt;\">Contin\u00fao Santaella: \u201cHemos podido observar como en cada uno de los estados se han formado equipos de ambos ministerios y de otros ministerios que hacen vida en las distintas regiones del pa\u00eds, para que de manera conjunta con el Gobierno Bolivariano del presidente Nicolas Maduro llegase a cada una de las instituciones educativas para motivar y darle esa orientaci\u00f3n vocacional a nuestros muchachos y a nuestras muchachas para que conocieran de cerca las distintas oportunidades que brinda el estado venezolano en los ajustado 18 motores de desarrollo que lleva el gobierno nacional\u201d.<img loading=\"lazy\" decoding=\"async\" class=\"alignnone wp-image-43535 \" src=\"https:\/\/inces.gob.ve\/wp-content\/uploads\/2022\/07\/Feria-de-Oportunidades-9--1024x685.jpg\" alt=\"\" width=\"760\" height=\"508\" srcset=\"https:\/\/inces.gob.ve\/wp-content\/uploads\/2022\/07\/Feria-de-Oportunidades-9--1024x685.jpg 1024w, https:\/\/inces.gob.ve\/wp-content\/uploads\/2022\/07\/Feria-de-Oportunidades-9--300x201.jpg 300w, https:\/\/inces.gob.ve\/wp-content\/uploads\/2022\/07\/Feria-de-Oportunidades-9--768x514.jpg 768w, https:\/\/inces.gob.ve\/wp-content\/uploads\/2022\/07\/Feria-de-Oportunidades-9--1536x1028.jpg 1536w, https:\/\/inces.gob.ve\/wp-content\/uploads\/2022\/07\/Feria-de-Oportunidades-9--272x182.jpg 272w, https:\/\/inces.gob.ve\/wp-content\/uploads\/2022\/07\/Feria-de-Oportunidades-9-.jpg 1936w\" sizes=\"auto, (max-width: 760px) 100vw, 760px\" \/><\/span><\/p>\n<p align=\"justify\"><span style=\"font-family: Georgia, serif; font-size: 14pt;\">Guyen Soto Gerente General de Formaci\u00f3n y Autoformaci\u00f3n del Inces se refiri\u00f3 a las oportunidades que le ofrece esta feria a los j\u00f3venes: \u201cHoy nos encontramos en la feria de oportunidades de estudio para la juventud de la Gran Caracas. En ella el Inces ofrece el Programa Nacional de Aprendizaje (PNA), espacio donde los j\u00f3venes adquieren una formaci\u00f3n profesional, al aprender una ocupaci\u00f3n productiva y de calidad para el trabajo directo y el pa\u00eds en estos momentos necesita fundamentalmente personas capacitadas. El Inces ofrece herramientas y formaciones en los distinto motores de la agenda que presenta el gobierno nacional\u201d.<\/span><\/p>\n<p align=\"justify\"><img loading=\"lazy\" decoding=\"async\" class=\"aligncenter wp-image-43537 size-full\" src=\"https:\/\/inces.gob.ve\/wp-content\/uploads\/2022\/07\/INCES-DSC_1787-e1657651990800.jpg\" alt=\"\" width=\"800\" height=\"536\" \/><\/p>\n<p align=\"justify\"><span style=\"font-family: Georgia, serif; font-size: 14pt;\">El evento fue amenizado por varios estudiantes de diferentes liceos quienes interpretaron variadas melod\u00edas, adem\u00e1s cont\u00f3 con la presentaci\u00f3n de la obra de teatro \u201cH\u00e9roes y hero\u00ednas\u201d por el grupo Semillas de Orqu\u00eddea y la Banda de Guerra \u201cEzequiel Zamora\u201d.<img loading=\"lazy\" decoding=\"async\" class=\"aligncenter wp-image-43530 \" src=\"https:\/\/inces.gob.ve\/wp-content\/uploads\/2022\/07\/Feria-de-Oportunidades1--1024x685.jpg\" alt=\"\" width=\"757\" height=\"506\" srcset=\"https:\/\/inces.gob.ve\/wp-content\/uploads\/2022\/07\/Feria-de-Oportunidades1--1024x685.jpg 1024w, https:\/\/inces.gob.ve\/wp-content\/uploads\/2022\/07\/Feria-de-Oportunidades1--300x201.jpg 300w, https:\/\/inces.gob.ve\/wp-content\/uploads\/2022\/07\/Feria-de-Oportunidades1--768x514.jpg 768w, https:\/\/inces.gob.ve\/wp-content\/uploads\/2022\/07\/Feria-de-Oportunidades1--1536x1028.jpg 1536w, https:\/\/inces.gob.ve\/wp-content\/uploads\/2022\/07\/Feria-de-Oportunidades1--272x182.jpg 272w, https:\/\/inces.gob.ve\/wp-content\/uploads\/2022\/07\/Feria-de-Oportunidades1-.jpg 1936w\" sizes=\"auto, (max-width: 757px) 100vw, 757px\" \/> <\/span><\/p>\n","protected":false},"excerpt":{"rendered":"<p>**En la \u00e9poca de la IV rep\u00fablica exist\u00edan 20 universidades y hoy Venezuela cuenta con 72 universidades.<\/p>\n","protected":false},"author":15,"featured_media":43531,"comment_status":"closed","ping_status":"closed","sticky":false,"template":"","format":"standard","meta":{"footnotes":""},"categories":[2],"tags":[],"class_list":["post-43529","post","type-post","status-publish","format-standard","has-post-thumbnail","hentry","category-blog"],"_links":{"self":[{"href":"https:\/\/inces.gob.ve\/index.php\/wp-json\/wp\/v2\/posts\/43529","targetHints":{"allow":["GET"]}}],"collection":[{"href":"https:\/\/inces.gob.ve\/index.php\/wp-json\/wp\/v2\/posts"}],"about":[{"href":"https:\/\/inces.gob.ve\/index.php\/wp-json\/wp\/v2\/types\/post"}],"author":[{"embeddable":true,"href":"https:\/\/inces.gob.ve\/index.php\/wp-json\/wp\/v2\/users\/15"}],"replies":[{"embeddable":true,"href":"https:\/\/inces.gob.ve\/index.php\/wp-json\/wp\/v2\/comments?post=43529"}],"version-history":[{"count":6,"href":"https:\/\/inces.gob.ve\/index.php\/wp-json\/wp\/v2\/posts\/43529\/revisions"}],"predecessor-version":[{"id":43565,"href":"https:\/\/inces.gob.ve\/index.php\/wp-json\/wp\/v2\/posts\/43529\/revisions\/43565"}],"wp:featuredmedia":[{"embeddable":true,"href":"https:\/\/inces.gob.ve\/index.php\/wp-json\/wp\/v2\/media\/43531"}],"wp:attachment":[{"href":"https:\/\/inces.gob.ve\/index.php\/wp-json\/wp\/v2\/media?parent=43529"}],"wp:term":[{"taxonomy":"category","embeddable":true,"href":"https:\/\/inces.gob.ve\/index.php\/wp-json\/wp\/v2\/categories?post=43529"},{"taxonomy":"post_tag","embeddable":true,"href":"https:\/\/inces.gob.ve\/index.php\/wp-json\/wp\/v2\/tags?post=43529"}],"curies":[{"name":"wp","href":"https:\/\/api.w.org\/{rel}","templated":true}]}}