{"id":43618,"date":"2022-07-14T15:06:54","date_gmt":"2022-07-14T19:06:54","guid":{"rendered":"https:\/\/inces.gob.ve\/?p=43618"},"modified":"2022-07-14T15:07:04","modified_gmt":"2022-07-14T19:07:04","slug":"yaracuy-inces-y-corpoelec-crearon-acuerdos-para-elaborar-pfap-en-linieros-de-alta-tension","status":"publish","type":"post","link":"https:\/\/inces.gob.ve\/index.php\/2022\/07\/14\/yaracuy-inces-y-corpoelec-crearon-acuerdos-para-elaborar-pfap-en-linieros-de-alta-tension\/","title":{"rendered":"YARACUY | Inces y Corpoelec \u00a0crearon acuerdos para elaborar PFAP en linieros de alta tensi\u00f3n"},"content":{"rendered":"<p align=\"justify\"><span style=\"font-size: 14pt;\"><span style=\"font-family: georgia, serif;\"><i><b>***Para el pr\u00f3ximo viernes 08 de julio se realizar\u00e1 jornada de acreditaci\u00f3n de conocimientos por experiencia <\/b><\/i><\/span><!--more--><\/span><\/p>\n<p align=\"justify\"><span style=\"font-family: georgia, serif; font-size: 14pt;\">YOLAICE VARGAS<\/span><\/p>\n<p align=\"justify\"><span style=\"font-family: georgia, serif; font-size: 14pt;\">Con el firme prop\u00f3sito de avanzar en la formaci\u00f3n t\u00e9cnica profesional, representantes del \u00a0Instituto Nacional de Capacitaci\u00f3n y Educaci\u00f3n Socialista (Inces), en conjunto con el Ministerio del Poder Popular para el Proceso Social del Trabajo (MPPPST), y Corpoelec en Yaracuy, realizaron mesa de trabajo para adelantar la elaboraci\u00f3n del Proyecto de Formaci\u00f3n y Autoformaci\u00f3n Productiva (PFAP), en las \u00e1reas de linieros de alta tensi\u00f3n y operadores de subestaciones el\u00e9ctricas.<\/span><\/p>\n<figure id=\"attachment_43620\" aria-describedby=\"caption-attachment-43620\" style=\"width: 800px\" class=\"wp-caption aligncenter\"><img loading=\"lazy\" decoding=\"async\" class=\"wp-image-43620 size-full\" src=\"https:\/\/inces.gob.ve\/wp-content\/uploads\/2022\/07\/Inces-y-Corpoelec2.2.2--e1657825581322.jpg\" alt=\"\" width=\"800\" height=\"555\" \/><figcaption id=\"caption-attachment-43620\" class=\"wp-caption-text\">Exif_JPEG_420<\/figcaption><\/figure>\n<p align=\"justify\"><span style=\"font-family: georgia, serif; font-size: 14pt;\">En tal sentido el gerente regional del Inces en Yaracuy, Dalvi Torrealba, se\u00f1al\u00f3 que desde hace algunos meses se trabaja en conjunto con la empresa Corpoelec, en el tema de formaci\u00f3n, acreditaci\u00f3n y certificaci\u00f3n del personal, no solo en el \u00e1rea de linieros sino tambi\u00e9n en otras dependencias espec\u00edficamente en la parte administrativa. <\/span><\/p>\n<p align=\"justify\"><span style=\"font-family: georgia, serif; font-size: 14pt;\">Asimismo, enfatiz\u00f3 Torrealba que, se realizar\u00e1 una jornada de acreditaciones pautada para el pr\u00f3ximo viernes 08 de julio del presente a\u00f1o, en donde asistir\u00e1n \u00a0los t\u00e9cnicos en las \u00e1reas mencionadas, quienes participar\u00e1n en la creaci\u00f3n en los instrumentos de evaluaci\u00f3n, para posterior acreditaci\u00f3n de conocimientos por experiencia en ejercicio. <\/span><\/p>\n<p align=\"justify\"><span style=\"font-family: georgia, serif; font-size: 14pt;\">Por su parte el jefe de divisi\u00f3n de formaci\u00f3n de la empresa el\u00e9ctrica en el estado Yaracuy, Carlos \u00c1lvarez, destac\u00f3 que desde Corpoelec se hizo solicitud al Inces en cuanto a la certificaci\u00f3n de linieros de distribuci\u00f3n, de transmisi\u00f3n y operadores de subestaciones el\u00e9ctricas, quienes poseen saberes emp\u00edricos y de experiencia y no cuentan con una acreditaci\u00f3n o certificaci\u00f3n.<\/span><\/p>\n<p align=\"justify\"><span style=\"font-family: georgia, serif; font-size: 14pt;\">Asegur\u00f3 que se estar\u00e1 haciendo justicia social con los hombres quienes tienen la ardua labor de trabajar durante las contingencias y emergencias el\u00e9ctricas, que se han presentado en los \u00faltimos a\u00f1os en la entidad, para restaurar el servicio el\u00e9ctrico en toda la entidad. <\/span><\/p>\n<p align=\"justify\"><span style=\"font-family: georgia, serif; font-size: 14pt;\">Por su parte el director regional del MPPPST, Jes\u00fas Delgado, mencion\u00f3 que desde el ente que dirige acompa\u00f1a a la empresa Corpoelec como parte del Sistema de Formaci\u00f3n y Autoformaci\u00f3n de la Clase Trabajadora y como miembros de Consejo Estadal de Gesti\u00f3n Universitaria, para evaluar los planes de formaci\u00f3n y acreditaci\u00f3n de saberes en el \u00e1rea el\u00e9ctrica.<\/span><\/p>\n","protected":false},"excerpt":{"rendered":"<p>***Para el pr\u00f3ximo viernes 08 de julio se realizar\u00e1 jornada de acreditaci\u00f3n de conocimientos por experiencia<\/p>\n","protected":false},"author":15,"featured_media":43619,"comment_status":"closed","ping_status":"closed","sticky":false,"template":"","format":"standard","meta":{"footnotes":""},"categories":[2],"tags":[],"class_list":["post-43618","post","type-post","status-publish","format-standard","has-post-thumbnail","hentry","category-blog"],"_links":{"self":[{"href":"https:\/\/inces.gob.ve\/index.php\/wp-json\/wp\/v2\/posts\/43618","targetHints":{"allow":["GET"]}}],"collection":[{"href":"https:\/\/inces.gob.ve\/index.php\/wp-json\/wp\/v2\/posts"}],"about":[{"href":"https:\/\/inces.gob.ve\/index.php\/wp-json\/wp\/v2\/types\/post"}],"author":[{"embeddable":true,"href":"https:\/\/inces.gob.ve\/index.php\/wp-json\/wp\/v2\/users\/15"}],"replies":[{"embeddable":true,"href":"https:\/\/inces.gob.ve\/index.php\/wp-json\/wp\/v2\/comments?post=43618"}],"version-history":[{"count":2,"href":"https:\/\/inces.gob.ve\/index.php\/wp-json\/wp\/v2\/posts\/43618\/revisions"}],"predecessor-version":[{"id":43622,"href":"https:\/\/inces.gob.ve\/index.php\/wp-json\/wp\/v2\/posts\/43618\/revisions\/43622"}],"wp:featuredmedia":[{"embeddable":true,"href":"https:\/\/inces.gob.ve\/index.php\/wp-json\/wp\/v2\/media\/43619"}],"wp:attachment":[{"href":"https:\/\/inces.gob.ve\/index.php\/wp-json\/wp\/v2\/media?parent=43618"}],"wp:term":[{"taxonomy":"category","embeddable":true,"href":"https:\/\/inces.gob.ve\/index.php\/wp-json\/wp\/v2\/categories?post=43618"},{"taxonomy":"post_tag","embeddable":true,"href":"https:\/\/inces.gob.ve\/index.php\/wp-json\/wp\/v2\/tags?post=43618"}],"curies":[{"name":"wp","href":"https:\/\/api.w.org\/{rel}","templated":true}]}}