{"id":43648,"date":"2022-07-14T15:50:00","date_gmt":"2022-07-14T19:50:00","guid":{"rendered":"https:\/\/inces.gob.ve\/?p=43648"},"modified":"2022-07-14T15:52:58","modified_gmt":"2022-07-14T19:52:58","slug":"inces-cojedes-aprendices-del-perfil-productivo-asistente-administrativo-culminan-fase-teorica","status":"publish","type":"post","link":"https:\/\/inces.gob.ve\/index.php\/2022\/07\/14\/inces-cojedes-aprendices-del-perfil-productivo-asistente-administrativo-culminan-fase-teorica\/","title":{"rendered":"Inces Cojedes \/ Aprendices\u00a0 del perfil productivo Asistente Administrativo culminan fase te\u00f3rica"},"content":{"rendered":"<p align=\"justify\"><span style=\"font-family: georgia, serif;\"><span style=\"font-size: large;\"><i><b>*<span style=\"font-size: 14pt;\">*Empresas recibir\u00e1n a j\u00f3venes para las pr\u00e1cticas profesionales en cumplimiento de la Ley \u00a0 del Inces<\/span><\/b><\/i><\/span><\/span><span style=\"font-size: 14pt;\"><!--more--><\/span><\/p>\n<p align=\"justify\"><span style=\"font-family: georgia, serif; font-size: 14pt;\">Desde el ambiente de formaci\u00f3n ubicados en la zona industrial en la F\u00e1brica de Radiadores Tinaquillo (Fraeca), un grupo de 17 j\u00f3venes del Programa Nacional de Aprendizaje (PNA) del perfil productivo Asistente administrativo, culminaron la fase te\u00f3rica, luego de un a\u00f1o de aprendizaje continuo y permanente. La actividad se realiz\u00f3 en presencia del coordinador del PNA, Eduar Ortega y representantes de la C\u00e1mara de Industriales de Tinaquillo.<\/span><\/p>\n<p align=\"justify\"><img loading=\"lazy\" decoding=\"async\" class=\"aligncenter wp-image-43652 size-full\" src=\"https:\/\/inces.gob.ve\/wp-content\/uploads\/2022\/07\/Aprendices-perfil-productivo-5--e1657828101727.jpg\" alt=\"\" width=\"800\" height=\"449\" \/><\/p>\n<p align=\"justify\"><span style=\"font-family: georgia, serif; font-size: 14pt;\">Los aprendices recibieron constancia de culminaci\u00f3n de la fase te\u00f3rica, \u00a0requisito \u00e9ste que les permitir\u00e1 \u00a0iniciar las pr\u00e1cticas de servicios profesionales en distintas empresas que tributan al Inces. La responsabilidad de la formaci\u00f3n estuvo a cargo de la instructora enlace de Cainco, licenciada Nelly Pacheco, quien se encarg\u00f3 de la formaci\u00f3n de los 17 j\u00f3venes aprendices, dos de ellos con condiciones de autismo. <\/span><\/p>\n<p align=\"justify\"><span style=\"font-family: georgia, serif; font-size: 14pt;\">El aprendiz, Mar\u00eda Herrera,\u00a0 se refiri\u00f3 a que la finalizaci\u00f3n de la formaci\u00f3n en asistente administrativo, es el comienzo de una nueva etapa en la que agradecemos la ense\u00f1anza integral que recibimos, no solo lo concerniente al oficio; sino tambi\u00e9n ese afecto que recibimos para ser responsables, tener disciplina\u201d.<img loading=\"lazy\" decoding=\"async\" class=\"aligncenter wp-image-43649 size-full\" src=\"https:\/\/inces.gob.ve\/wp-content\/uploads\/2022\/07\/Aprendices-perfil-productivo1--e1657828132422.jpg\" alt=\"\" width=\"800\" height=\"449\" \/> <\/span><\/p>\n<p align=\"justify\"><span style=\"font-family: georgia, serif; font-size: 14pt;\">El joven aprendiz, Wilmer Guti\u00e9rrez, \u00a0con condici\u00f3n de autismo, dijo \u201cel Inces y las empresas que nos apoyaron nos han cambiado la vida, nos han dado una oportunidad y estamos dando lo mejor para poner en pr\u00e1ctica todos los conocimientos. <\/span><\/p>\n<p align=\"justify\"><span style=\"font-family: georgia, serif; font-size: 14pt;\">Wilgen Cordero, tambi\u00e9n con condici\u00f3n de autismo, dijo de manera muy emocionada, en mi pensamientos he\u00a0 so\u00f1ado con ir a trabajar \u201cQuiero trabajar, ser productivo y cumplir con las tareas que me asigne en la empresa donde estar\u00e9 cumpliendo un horario como todo un trabajador\u201d.<img loading=\"lazy\" decoding=\"async\" class=\"aligncenter wp-image-43650 size-full\" src=\"https:\/\/inces.gob.ve\/wp-content\/uploads\/2022\/07\/Aprendices-perfil-productivo-2--e1657828154422.jpg\" alt=\"\" width=\"800\" height=\"449\" \/><\/span><\/p>\n<p align=\"justify\"><span style=\"font-family: georgia, serif; font-size: 14pt;\">Finalmente, el coordinador del PNA Ortega, felicit\u00f3 al grupo de j\u00f3venes por su\u00a0 constancia y dedicaci\u00f3n en un a\u00f1o lleno de dificultades en el que nunca bajaron la guardia. \u201cNuestro compromiso es con la juventud y\u00a0 seguir cumpliendo con \u00a0el legado del maestro Luis Beltr\u00e1n Prieto Figueroa, formaci\u00f3n t\u00e9cnica profesional vinculada al trabajo productivo del pa\u00eds\u201d.<\/span><\/p>\n<p align=\"justify\"><span style=\"font-family: georgia, serif; font-size: 14pt;\">Tambi\u00e9n agradeci\u00f3 a las empresas aportantes que han venido cumpliendo todos los compromisos para atender de manera eficiente a los aprendices en el estado Cojedes; as\u00ed como tambi\u00e9n el acompa\u00f1amiento de los padres y representantes durante \u00e9ste a\u00f1o de formaci\u00f3n a los j\u00f3venes aprendices. <\/span><\/p>\n","protected":false},"excerpt":{"rendered":"<p>**Empresas recibir\u00e1n a j\u00f3venes para las pr\u00e1cticas profesionales en cumplimiento de la Ley \u00a0 del Inces<\/p>\n","protected":false},"author":15,"featured_media":43651,"comment_status":"closed","ping_status":"closed","sticky":false,"template":"","format":"standard","meta":{"footnotes":""},"categories":[2],"tags":[],"class_list":["post-43648","post","type-post","status-publish","format-standard","has-post-thumbnail","hentry","category-blog"],"_links":{"self":[{"href":"https:\/\/inces.gob.ve\/index.php\/wp-json\/wp\/v2\/posts\/43648","targetHints":{"allow":["GET"]}}],"collection":[{"href":"https:\/\/inces.gob.ve\/index.php\/wp-json\/wp\/v2\/posts"}],"about":[{"href":"https:\/\/inces.gob.ve\/index.php\/wp-json\/wp\/v2\/types\/post"}],"author":[{"embeddable":true,"href":"https:\/\/inces.gob.ve\/index.php\/wp-json\/wp\/v2\/users\/15"}],"replies":[{"embeddable":true,"href":"https:\/\/inces.gob.ve\/index.php\/wp-json\/wp\/v2\/comments?post=43648"}],"version-history":[{"count":1,"href":"https:\/\/inces.gob.ve\/index.php\/wp-json\/wp\/v2\/posts\/43648\/revisions"}],"predecessor-version":[{"id":43653,"href":"https:\/\/inces.gob.ve\/index.php\/wp-json\/wp\/v2\/posts\/43648\/revisions\/43653"}],"wp:featuredmedia":[{"embeddable":true,"href":"https:\/\/inces.gob.ve\/index.php\/wp-json\/wp\/v2\/media\/43651"}],"wp:attachment":[{"href":"https:\/\/inces.gob.ve\/index.php\/wp-json\/wp\/v2\/media?parent=43648"}],"wp:term":[{"taxonomy":"category","embeddable":true,"href":"https:\/\/inces.gob.ve\/index.php\/wp-json\/wp\/v2\/categories?post=43648"},{"taxonomy":"post_tag","embeddable":true,"href":"https:\/\/inces.gob.ve\/index.php\/wp-json\/wp\/v2\/tags?post=43648"}],"curies":[{"name":"wp","href":"https:\/\/api.w.org\/{rel}","templated":true}]}}