{"id":43661,"date":"2022-07-16T16:35:42","date_gmt":"2022-07-16T20:35:42","guid":{"rendered":"https:\/\/inces.gob.ve\/?p=43661"},"modified":"2022-07-17T11:54:10","modified_gmt":"2022-07-17T15:54:10","slug":"el-inces-participo-con-ponencia-en-seminario-de-actualizacion-de-docentes-de-la-educacion-tecnica-de-nicaragua","status":"publish","type":"post","link":"https:\/\/inces.gob.ve\/index.php\/2022\/07\/16\/el-inces-participo-con-ponencia-en-seminario-de-actualizacion-de-docentes-de-la-educacion-tecnica-de-nicaragua\/","title":{"rendered":"El Inces particip\u00f3 con ponencia en Seminario de actualizaci\u00f3n de docentes de la educaci\u00f3n t\u00e9cnica de Nicaragua"},"content":{"rendered":"<p style=\"text-align: justify;\" align=\"left\"><span style=\"font-size: 14pt;\"><strong><i>**\u00a0 La actividad forma parte del proceso de internacionalizaci\u00f3n del Inces<br \/>\n<\/i><\/strong><\/span><\/p>\n<p style=\"text-align: justify;\" align=\"left\"><i> <\/i><!--more--><\/p>\n<p style=\"text-align: justify;\" align=\"justify\"><span style=\"font-size: 14pt;\"><b>FREDDY MART\u00cdNEZ<\/b><\/span><\/p>\n<p style=\"text-align: justify;\" align=\"justify\"><span style=\"font-size: 14pt;\">El gerente de l\u00ednea de Formaci\u00f3n Profesional Productiva Jes\u00fas Hern\u00e1ndez present\u00f3 una ponencia en modalidad virtual en el <b>I<\/b><b>I<\/b><b> Encuentro Nacional <\/b><b>d<\/b><b>e Actualizaci\u00f3n <\/b><b>d<\/b><b>e Docentes <\/b><b>e<\/b><b> Instructores <\/b><b>d<\/b><b>e <\/b><b>l<\/b><b>a Educaci\u00f3n T\u00e9cnica <\/b><b>y<\/b><b> Formaci\u00f3n Profesional<\/b> que organiza el Inatec de Nicaragua, a prop\u00f3sito de los actos previstos para el el aniversario de la Revoluci\u00f3n Sandinista.<\/span><\/p>\n<p style=\"text-align: justify;\" align=\"justify\"><span style=\"font-size: 14pt;\">La tem\u00e1tica que desarrolla esta instituci\u00f3n hom\u00f3loga del Inces, que re\u00fane unos 1500 docentes de los centros tecnol\u00f3gicos de esa naci\u00f3n centroamericana, est\u00e1 orientada en la motivaci\u00f3n como motor esencial del desempe\u00f1o docente.<\/span><\/p>\n<p style=\"text-align: justify;\" align=\"justify\"><span style=\"font-size: 14pt;\">El profesor Hern\u00e1ndez realiz\u00f3 una exposici\u00f3n titulada: <b>L<\/b><b>a formaci\u00f3n del facilitador <\/b><b>I<\/b><b>nces para el desarroll<\/b><b>o<\/b><b> de una pertinente educaci\u00f3n y formaci\u00f3n t\u00e9cnica profesional; <\/b>en la cual explic\u00f3 que toda acci\u00f3n formativa en Venezuela parte de una pol\u00edtica p\u00fablica amparada, en primer lugar, en los preceptos fundamentados en la Constituci\u00f3n de la Rep\u00fablica, en el Plan de la Patria, en la Agenda Econ\u00f3mica Bolivariana y, entre otros documentos, en el Plan Estrat\u00e9gico del Inces a trav\u00e9s de sus l\u00edneas de acci\u00f3n como son: la transformaci\u00f3n curricular ydigital, el plan especial de atenci\u00f3n al sistema, la internacionalizaci\u00f3n del Inces, la producci\u00f3n de bienes y servicios y el desarrollo de la matriz program\u00e1tica.<\/span><\/p>\n<p style=\"text-align: justify;\" align=\"justify\"><span style=\"font-size: 14pt;\">Hern\u00e1ndez habl\u00f3 sobre las tres dimensiones de la matriz program\u00e1tica correspondiente a planes y \u00e1mbitos de formaci\u00f3n, sujetos protag\u00f3nicos de aprendizaje e igualmente present\u00f3 la oferta acad\u00e9mica en la escuela de facilitadores del Inces en su proyecto de formaci\u00f3n y autoformaci\u00f3n productiva en los diversos perfiles que existen: asesor de ense\u00f1anza, facilitadores, coordinadores, planificadores y gu\u00edas de m\u00e9todo.<\/span><\/p>\n<p style=\"text-align: justify;\" align=\"justify\"><span style=\"font-size: 14pt;\">El gerente de Formaci\u00f3n Productiva del Inces, Jes\u00fas Hern\u00e1ndez;\u00a0 abord\u00f3 ante el p\u00fablico presente en la videoconferencia los perfiles que la instituci\u00f3n tiene planteada para este a\u00f1o 2022. Explic\u00f3 la manera c\u00f3mo se desarrollan los procesos de facilitaci\u00f3n de los trabajadores; los que van desde la socializaci\u00f3n y la promoci\u00f3n, hasta llegar a la habilitaci\u00f3n como facilitadores.<\/span><\/p>\n<p style=\"text-align: justify;\" align=\"justify\"><span style=\"font-size: 14pt;\">A manera de reflexi\u00f3n Hern\u00e1ndez sugiri\u00f3 observar esta pol\u00edtica como una oportunidad para la prosecuci\u00f3n de estudios con niveles de cualificaci\u00f3n a los facilitadores y finalmente como una gesti\u00f3n de desarrollo para el talento humano con perfiles ocupacionales y \u00e1reas productivas.<\/span><\/p>\n","protected":false},"excerpt":{"rendered":"<p>**\u00a0 La actividad forma parte del proceso de internacionalizaci\u00f3n del Inces<\/p>\n","protected":false},"author":4,"featured_media":43665,"comment_status":"closed","ping_status":"closed","sticky":false,"template":"","format":"standard","meta":{"footnotes":""},"categories":[2],"tags":[],"class_list":["post-43661","post","type-post","status-publish","format-standard","has-post-thumbnail","hentry","category-blog"],"_links":{"self":[{"href":"https:\/\/inces.gob.ve\/index.php\/wp-json\/wp\/v2\/posts\/43661","targetHints":{"allow":["GET"]}}],"collection":[{"href":"https:\/\/inces.gob.ve\/index.php\/wp-json\/wp\/v2\/posts"}],"about":[{"href":"https:\/\/inces.gob.ve\/index.php\/wp-json\/wp\/v2\/types\/post"}],"author":[{"embeddable":true,"href":"https:\/\/inces.gob.ve\/index.php\/wp-json\/wp\/v2\/users\/4"}],"replies":[{"embeddable":true,"href":"https:\/\/inces.gob.ve\/index.php\/wp-json\/wp\/v2\/comments?post=43661"}],"version-history":[{"count":5,"href":"https:\/\/inces.gob.ve\/index.php\/wp-json\/wp\/v2\/posts\/43661\/revisions"}],"predecessor-version":[{"id":43670,"href":"https:\/\/inces.gob.ve\/index.php\/wp-json\/wp\/v2\/posts\/43661\/revisions\/43670"}],"wp:featuredmedia":[{"embeddable":true,"href":"https:\/\/inces.gob.ve\/index.php\/wp-json\/wp\/v2\/media\/43665"}],"wp:attachment":[{"href":"https:\/\/inces.gob.ve\/index.php\/wp-json\/wp\/v2\/media?parent=43661"}],"wp:term":[{"taxonomy":"category","embeddable":true,"href":"https:\/\/inces.gob.ve\/index.php\/wp-json\/wp\/v2\/categories?post=43661"},{"taxonomy":"post_tag","embeddable":true,"href":"https:\/\/inces.gob.ve\/index.php\/wp-json\/wp\/v2\/tags?post=43661"}],"curies":[{"name":"wp","href":"https:\/\/api.w.org\/{rel}","templated":true}]}}