{"id":43685,"date":"2022-07-18T08:39:58","date_gmt":"2022-07-18T12:39:58","guid":{"rendered":"https:\/\/inces.gob.ve\/?p=43685"},"modified":"2022-07-18T08:39:58","modified_gmt":"2022-07-18T12:39:58","slug":"merida-inces-acredito-a-30-docentes-del-cfs-bicentenario","status":"publish","type":"post","link":"https:\/\/inces.gob.ve\/index.php\/2022\/07\/18\/merida-inces-acredito-a-30-docentes-del-cfs-bicentenario\/","title":{"rendered":"M\u00c9RIDA | Inces acredit\u00f3 a 30 docentes del CFS Bicentenario"},"content":{"rendered":"<p style=\"text-align: justify;\"><strong><span style=\"font-size: 14pt; font-family: georgia, palatino, serif;\"><i>** En esta jornada se atendieron a docentes de Colegios privados, CCAO (arte y oficios) y grupos de creaci\u00f3n de los <\/i><i>l<\/i><i>iceos R\u00f3mulo Betancourt y Liceo Nocturno Aide C\u00e1rdenas de la comunidad Los Curos<\/i><\/span><\/strong><!--more--><\/p>\n<p>&nbsp;<\/p>\n<p style=\"text-align: justify;\"><span style=\"font-size: 14pt; font-family: georgia, palatino, serif;\"><b>NADIA LOBO<\/b><\/span><\/p>\n<p style=\"text-align: justify;\"><span style=\"font-size: 14pt; font-family: georgia, palatino, serif;\">El Inces M\u00e9rida particip\u00f3 en una de atenci\u00f3n especial a las Unidades Educativas de la parroquia J.J. Osuna Rodr\u00edguez del municipio Libertador, permitiendo la acreditaci\u00f3n y certificaci\u00f3n de 30 docentes en diferentes saberes y oficios productivos.<\/span><\/p>\n<p>&nbsp;<\/p>\n<p style=\"text-align: justify;\"><span style=\"font-size: 14pt; font-family: georgia, palatino, serif;\">As\u00ed lo inform\u00f3 el gerente regional, Geldrit Roca, quien destac\u00f3 el trabajo mancomunado entre la Zona Educativa de M\u00e9rida, el apoyo del gobernador del estado bolivariano de M\u00e9rida, Jehyson Guzm\u00e1n, y el Inces, con lo cual se logr\u00f3 la atenci\u00f3n de manera personal, en cada uno de los oficios a certificar.<\/span><\/p>\n<p>&nbsp;<\/p>\n<p style=\"text-align: justify;\"><span style=\"font-size: 14pt; font-family: georgia, palatino, serif;\">La actividad se desarroll\u00f3 en el Centro de Formaci\u00f3n Socialista (CFS) Bicentenario de la ciudad de M\u00e9rida, donde se acreditaron docentes en llas siguientes ocupaciones productivas: Inform\u00e1tica, Reposter\u00eda, Textil, Cocina Dom\u00e9stica, Animaci\u00f3n y Recreaci\u00f3n, Manualidades, Peluquer\u00eda, entre otros oficios y saberes.<\/span><\/p>\n<p>&nbsp;<\/p>\n<p style=\"text-align: justify;\"><span style=\"font-size: 14pt; font-family: georgia, palatino, serif;\">El abordaje integral, permiti\u00f3 atender a los liceos R\u00f3mulo Betancourt, Liceo Nocturno Aide C\u00e1rdenas, Escuela de Danzas, y a los Centros de Capacitaci\u00f3n de Artes y Oficios (CCAO), que funcionan en el m\u00f3dulo de Los Curos, jurisdicci\u00f3n del municipio Libertador.<\/span><\/p>\n<p>&nbsp;<\/p>\n<p style=\"text-align: justify;\"><span style=\"font-family: georgia, palatino, serif; font-size: 14pt;\">De igual manera, la actividad sirvi\u00f3 para orientar a las personas sobre la acreditaci\u00f3n y certificaci\u00f3n que tiene como objetivo, reconocer los saberes, emp\u00edricos, acad\u00e9micos y ancestrales del pueblo, siguiendo las orientaciones del gobierno nacional, regional y del propio presidente del Inces, Wuikelman \u00c1ngel Paredes.<\/span><\/p>\n","protected":false},"excerpt":{"rendered":"<p>** En esta jornada se atendieron a docentes de Colegios privados, CCAO (arte y oficios) y grupos de creaci\u00f3n de los liceos R\u00f3mulo Betancourt y Liceo Nocturno Aide C\u00e1rdenas de la comunidad Los Curos<\/p>\n","protected":false},"author":4,"featured_media":43686,"comment_status":"closed","ping_status":"closed","sticky":false,"template":"","format":"standard","meta":{"footnotes":""},"categories":[2],"tags":[],"class_list":["post-43685","post","type-post","status-publish","format-standard","has-post-thumbnail","hentry","category-blog"],"_links":{"self":[{"href":"https:\/\/inces.gob.ve\/index.php\/wp-json\/wp\/v2\/posts\/43685","targetHints":{"allow":["GET"]}}],"collection":[{"href":"https:\/\/inces.gob.ve\/index.php\/wp-json\/wp\/v2\/posts"}],"about":[{"href":"https:\/\/inces.gob.ve\/index.php\/wp-json\/wp\/v2\/types\/post"}],"author":[{"embeddable":true,"href":"https:\/\/inces.gob.ve\/index.php\/wp-json\/wp\/v2\/users\/4"}],"replies":[{"embeddable":true,"href":"https:\/\/inces.gob.ve\/index.php\/wp-json\/wp\/v2\/comments?post=43685"}],"version-history":[{"count":1,"href":"https:\/\/inces.gob.ve\/index.php\/wp-json\/wp\/v2\/posts\/43685\/revisions"}],"predecessor-version":[{"id":43687,"href":"https:\/\/inces.gob.ve\/index.php\/wp-json\/wp\/v2\/posts\/43685\/revisions\/43687"}],"wp:featuredmedia":[{"embeddable":true,"href":"https:\/\/inces.gob.ve\/index.php\/wp-json\/wp\/v2\/media\/43686"}],"wp:attachment":[{"href":"https:\/\/inces.gob.ve\/index.php\/wp-json\/wp\/v2\/media?parent=43685"}],"wp:term":[{"taxonomy":"category","embeddable":true,"href":"https:\/\/inces.gob.ve\/index.php\/wp-json\/wp\/v2\/categories?post=43685"},{"taxonomy":"post_tag","embeddable":true,"href":"https:\/\/inces.gob.ve\/index.php\/wp-json\/wp\/v2\/tags?post=43685"}],"curies":[{"name":"wp","href":"https:\/\/api.w.org\/{rel}","templated":true}]}}