{"id":43720,"date":"2022-07-19T15:21:45","date_gmt":"2022-07-19T19:21:45","guid":{"rendered":"https:\/\/inces.gob.ve\/?p=43720"},"modified":"2022-07-19T15:29:00","modified_gmt":"2022-07-19T19:29:00","slug":"carabobo-inces-certifica-los-saberes-de-jovenes-recreadores","status":"publish","type":"post","link":"https:\/\/inces.gob.ve\/index.php\/2022\/07\/19\/carabobo-inces-certifica-los-saberes-de-jovenes-recreadores\/","title":{"rendered":"CARABOBO | Inces certifica los saberes de j\u00f3venes recreadores"},"content":{"rendered":"<p align=\"justify\"><span style=\"font-size: 14pt;\"><span style=\"font-family: Georgia, serif;\">*<i><b>* La actividad se llev\u00f3 a cabo desde los espacios del auditorio del CFS Luis Beltr\u00e1n Prieto Figueroa<\/b><\/i><\/span><!--more--><\/span><\/p>\n<p align=\"justify\"><span style=\"font-family: Georgia, serif; font-size: 14pt;\">ATILIA CORTEZ CA\u00d1ADAS<\/span><\/p>\n<p align=\"justify\"><span style=\"font-family: Georgia, serif; font-size: 14pt;\">Tras previa art\u00edculacion entre la gerencia regional del Inces Carabobo y el Movimiento Nacional de Recreadores en la misma entidad, se di\u00f3 inicio al proceso de certificaci\u00f3n de 16 j\u00f3venes recreadores provenientes de los 14 municipios que coforman el estado.<\/span><\/p>\n<p align=\"justify\"><span style=\"font-family: Georgia, serif; font-size: 14pt;\">La actividad de realiz\u00f3 en el auditorio del Centro de Formaci\u00f3n Socialista (CFS) Luis Beltr\u00e1n Prieto Figueroa. Para el proceso de certificaci\u00f3n se cont\u00f3 con la participaci\u00f3n del equipo integrado por: el coordinador del Programa Turismo, Orlando Amaru L\u00f3pez y la coordinadora de la Unidad de Curr\u00edculo y Did\u00e1ctica, Milagros Ortega; adem\u00e1s de contar co el apoyo de la coordinadora regional del Movimiento de Recreadores, Adiric Morillo.<\/span><\/p>\n<p align=\"justify\"><span style=\"font-family: Georgia, serif; font-size: 14pt;\">Se pudo conocer que el Movimiento Nacional de Recreadores tiene previsto realizar una actividad Recreativa desde los espacios de la U.E. Rep\u00fablica del Per\u00fa, con la participaci\u00f3n de varios movimientos juveniles y del Inces Carabobo.<\/span><\/p>\n","protected":false},"excerpt":{"rendered":"<p>** La actividad se llev\u00f3 a cabo desde los espacios del auditorio del CFS Luis Beltr\u00e1n Prieto Figueroa<\/p>\n","protected":false},"author":15,"featured_media":43722,"comment_status":"closed","ping_status":"closed","sticky":false,"template":"","format":"standard","meta":{"footnotes":""},"categories":[2],"tags":[],"class_list":["post-43720","post","type-post","status-publish","format-standard","has-post-thumbnail","hentry","category-blog"],"_links":{"self":[{"href":"https:\/\/inces.gob.ve\/index.php\/wp-json\/wp\/v2\/posts\/43720","targetHints":{"allow":["GET"]}}],"collection":[{"href":"https:\/\/inces.gob.ve\/index.php\/wp-json\/wp\/v2\/posts"}],"about":[{"href":"https:\/\/inces.gob.ve\/index.php\/wp-json\/wp\/v2\/types\/post"}],"author":[{"embeddable":true,"href":"https:\/\/inces.gob.ve\/index.php\/wp-json\/wp\/v2\/users\/15"}],"replies":[{"embeddable":true,"href":"https:\/\/inces.gob.ve\/index.php\/wp-json\/wp\/v2\/comments?post=43720"}],"version-history":[{"count":2,"href":"https:\/\/inces.gob.ve\/index.php\/wp-json\/wp\/v2\/posts\/43720\/revisions"}],"predecessor-version":[{"id":43723,"href":"https:\/\/inces.gob.ve\/index.php\/wp-json\/wp\/v2\/posts\/43720\/revisions\/43723"}],"wp:featuredmedia":[{"embeddable":true,"href":"https:\/\/inces.gob.ve\/index.php\/wp-json\/wp\/v2\/media\/43722"}],"wp:attachment":[{"href":"https:\/\/inces.gob.ve\/index.php\/wp-json\/wp\/v2\/media?parent=43720"}],"wp:term":[{"taxonomy":"category","embeddable":true,"href":"https:\/\/inces.gob.ve\/index.php\/wp-json\/wp\/v2\/categories?post=43720"},{"taxonomy":"post_tag","embeddable":true,"href":"https:\/\/inces.gob.ve\/index.php\/wp-json\/wp\/v2\/tags?post=43720"}],"curies":[{"name":"wp","href":"https:\/\/api.w.org\/{rel}","templated":true}]}}