{"id":43773,"date":"2022-07-14T12:30:36","date_gmt":"2022-07-14T16:30:36","guid":{"rendered":"https:\/\/inces.gob.ve\/?p=43773"},"modified":"2022-07-20T12:33:46","modified_gmt":"2022-07-20T16:33:46","slug":"cojedes-juventud-productiva-del-inces-se-reune-con-movimiento-soy-aprendiz","status":"publish","type":"post","link":"https:\/\/inces.gob.ve\/index.php\/2022\/07\/14\/cojedes-juventud-productiva-del-inces-se-reune-con-movimiento-soy-aprendiz\/","title":{"rendered":"COJEDES | Juventud productiva del Inces se re\u00fane con Movimiento Soy Aprendiz"},"content":{"rendered":"<p align=\"justify\"><span style=\"font-family: Georgia, serif;\"><span style=\"font-size: large;\">**<span style=\"font-size: 14pt;\"> <i><b>A los j\u00f3venes les corresponde aportar ideas frescas para avanzar en los objetivos del plan de la patria y en la producci\u00f3n\u00a0\u00a0<\/b><\/i><\/span><\/span><\/span><span style=\"font-size: 14pt;\"><!--more--><\/span><\/p>\n<p align=\"justify\"><span style=\"font-family: Georgia, serif; font-size: 14pt;\">El representante de juventud productiva del Instituto Nacional de Capacitaci\u00f3n y Educaci\u00f3n Socialista (Inces), Eduar Ortega, sostuvo una reuni\u00f3n con\u00a0 los j\u00f3venes del movimiento \u201cSoy aprendiz\u201d con el objetivo de planificar y coordinar las actividades para cumplir con la Programaci\u00f3n Ordinaria Anual (POA) emanada por la direcci\u00f3n nacional.\u00a0 El encuentro tuvo lugar en el Centro de Formaci\u00f3n Socialista \u201cArgimiro Gabaldon\u201d. <\/span><\/p>\n<p align=\"justify\"><span style=\"font-family: Georgia, serif; font-size: 14pt;\">Ortega se refiri\u00f3\u00a0 a que la estructura\u00a0 integrada por voceros de organizaci\u00f3n, movilizaci\u00f3n, formaci\u00f3n, comunicaci\u00f3n cultura,\u00a0 deporte y recreaci\u00f3n, defensa del joven trabajador; as\u00ed como tambi\u00e9n la vocer\u00eda de producci\u00f3n e innovaci\u00f3n, deben estar comprometidos y ser responsables de cada una de las actividades que se planean en pro de mantenernos activos con las tareas asignadas.<img loading=\"lazy\" decoding=\"async\" class=\"aligncenter wp-image-43775 size-full\" src=\"https:\/\/inces.gob.ve\/wp-content\/uploads\/2022\/07\/Juventud-productiva-del-Inces2-.jpg\" alt=\"\" width=\"600\" height=\"337\" srcset=\"https:\/\/inces.gob.ve\/wp-content\/uploads\/2022\/07\/Juventud-productiva-del-Inces2-.jpg 600w, https:\/\/inces.gob.ve\/wp-content\/uploads\/2022\/07\/Juventud-productiva-del-Inces2--300x169.jpg 300w\" sizes=\"auto, (max-width: 600px) 100vw, 600px\" \/> <\/span><\/p>\n<p align=\"justify\"><span style=\"font-family: Georgia, serif; font-size: 14pt;\">En esta oportunidad estuvieron presente los voceros, G\u00e9nesis Smutny, Edgardo Gonz\u00e1lez, Wilfrenyel de P\u00e9rez, Mar\u00eda Laura Moreno, Dayerbis Medina, V\u00edctor Su\u00e1rez y Andreina Ochoa; quienes expresaron enrumbar el movimiento con las actividades que se asignen a nivel nacional.<\/span><\/p>\n<p align=\"justify\"><img loading=\"lazy\" decoding=\"async\" class=\"aligncenter wp-image-43774 size-full\" src=\"https:\/\/inces.gob.ve\/wp-content\/uploads\/2022\/07\/Juventud-productiva-del-Inces1--e1658334746616.jpg\" alt=\"\" width=\"655\" height=\"368\" \/><\/p>\n<p align=\"justify\"><span style=\"font-family: Georgia, serif; font-size: 14pt;\">Por su parte, el vocero de producci\u00f3n e innovaci\u00f3n, Gonz\u00e1lez, dijo: \u201cNuestra participaci\u00f3n en el movimiento, nos permite vincularnos con personas que nos orientan y nos facilitan herramientas para desarrollar actividades en la que debemos representar al movimiento Soy aprendiz en el estado Cojedes. Somos un equipo y tenemos como norte cumplir con las directrices que nos encomienda la direcci\u00f3n nacional\u201d. <\/span><\/p>\n","protected":false},"excerpt":{"rendered":"<p>** A los j\u00f3venes les corresponde aportar ideas frescas para avanzar en los objetivos del plan de la patria y en la producci\u00f3n\u00a0\u00a0<\/p>\n","protected":false},"author":15,"featured_media":43776,"comment_status":"closed","ping_status":"closed","sticky":false,"template":"","format":"standard","meta":{"footnotes":""},"categories":[2],"tags":[],"class_list":["post-43773","post","type-post","status-publish","format-standard","has-post-thumbnail","hentry","category-blog"],"_links":{"self":[{"href":"https:\/\/inces.gob.ve\/index.php\/wp-json\/wp\/v2\/posts\/43773","targetHints":{"allow":["GET"]}}],"collection":[{"href":"https:\/\/inces.gob.ve\/index.php\/wp-json\/wp\/v2\/posts"}],"about":[{"href":"https:\/\/inces.gob.ve\/index.php\/wp-json\/wp\/v2\/types\/post"}],"author":[{"embeddable":true,"href":"https:\/\/inces.gob.ve\/index.php\/wp-json\/wp\/v2\/users\/15"}],"replies":[{"embeddable":true,"href":"https:\/\/inces.gob.ve\/index.php\/wp-json\/wp\/v2\/comments?post=43773"}],"version-history":[{"count":2,"href":"https:\/\/inces.gob.ve\/index.php\/wp-json\/wp\/v2\/posts\/43773\/revisions"}],"predecessor-version":[{"id":43778,"href":"https:\/\/inces.gob.ve\/index.php\/wp-json\/wp\/v2\/posts\/43773\/revisions\/43778"}],"wp:featuredmedia":[{"embeddable":true,"href":"https:\/\/inces.gob.ve\/index.php\/wp-json\/wp\/v2\/media\/43776"}],"wp:attachment":[{"href":"https:\/\/inces.gob.ve\/index.php\/wp-json\/wp\/v2\/media?parent=43773"}],"wp:term":[{"taxonomy":"category","embeddable":true,"href":"https:\/\/inces.gob.ve\/index.php\/wp-json\/wp\/v2\/categories?post=43773"},{"taxonomy":"post_tag","embeddable":true,"href":"https:\/\/inces.gob.ve\/index.php\/wp-json\/wp\/v2\/tags?post=43773"}],"curies":[{"name":"wp","href":"https:\/\/api.w.org\/{rel}","templated":true}]}}