{"id":43835,"date":"2022-07-14T17:17:31","date_gmt":"2022-07-14T21:17:31","guid":{"rendered":"https:\/\/inces.gob.ve\/?p=43835"},"modified":"2022-07-20T17:18:38","modified_gmt":"2022-07-20T21:18:38","slug":"falcon-participantes-inces-remozan-espacios-educativos","status":"publish","type":"post","link":"https:\/\/inces.gob.ve\/index.php\/2022\/07\/14\/falcon-participantes-inces-remozan-espacios-educativos\/","title":{"rendered":"FALC\u00d3N | Participantes Inces remozan espacios educativos"},"content":{"rendered":"<div>\n<p><em><strong><span lang=\"es-MX\" style=\"font-size: 14pt;\">**Los estudiantes del centro de formaci\u00f3n socialista \u201cJosefa Camejo\u201d del Inces se unieron y decidieron darle una nueva cara a los espacios educativos<\/span><\/strong><\/em><\/p>\n<\/div>\n<p><!--more--><\/p>\n<div><\/div>\n<div>\n<p lang=\"es-ES\" align=\"justify\"><span style=\"font-size: 14pt;\"><strong>MIRIAM GONZ\u00c1LEZ VILLARROEL<\/strong><br \/>\n<\/span><\/p>\n<p lang=\"es-MX\" align=\"justify\"><span style=\"font-size: 14pt;\">Estudiantes del centro de formaci\u00f3n socialista (CFS) \u201cJosefa Camejo\u201d del Instituto Nacional de Capacitaci\u00f3n y Educaci\u00f3n Socialista (Inces) en la ciudad de Punto Fijo se unieron para cambiarle el rostro a los espacios formativos del centro y as\u00ed poder brindar espacios acordes a los nuevos participantes y retribuirle con la acci\u00f3n social al instituto que los ha formado en diversos saberes<\/span><\/p>\n<p lang=\"es-MX\" align=\"justify\">\n<p lang=\"es-MX\" align=\"justify\"><span style=\"font-size: 14pt;\">Precis\u00f3 el jefe del CFS, Joan Arias Flores, esta acci\u00f3n social surge luego de varias reuniones en la que participaron estudiantes de los cursos: Administraci\u00f3n de Personal y C\u00e1lculos de Prestaciones Sociales dirigidos por el talento t\u00e9cnico del maestro Francisco Andino, quien los acompa\u00f1\u00f3 y respald\u00f3 en esta iniciativa; igualmente, es importante destacar que los estudiantes aportaron dos potes de pintura lo cual estuvo dentro de las actividades de embellecimiento de los salones del centro educativo. <\/span><\/p>\n<p lang=\"es-MX\" align=\"justify\">\n<p lang=\"es-MX\" align=\"justify\">\n<p lang=\"es-MX\" align=\"justify\"><span style=\"font-size: 14pt;\">Resaltaron los participantes Inces, hablar de brindar espacios \u00f3ptimos, es fundamental porque le brinda la oportunidad a otros j\u00f3venes de formarse en los espacios del centro con formaciones productivas. <\/span><\/p>\n<p lang=\"es-MX\" align=\"justify\">\n<p lang=\"es-MX\" align=\"justify\"><span style=\"font-size: 14pt;\">Indicaron, las acciones contemplaron limpieza, reparaciones el\u00e9ctricas, acondicionamiento y pintura de los salones de clases, impulsados por el esp\u00edritu conservacionista y de mantener las instalaciones; \u201cla iniciativa permitir\u00e1 brindar espacios acordes para los que nos estamos instruyendo en la actualidad y para los pr\u00f3ximos que ingresen a los cursos que les ofrece la instituci\u00f3n\u201d, precisaron los participantes.<\/span><\/p>\n<\/div>\n","protected":false},"excerpt":{"rendered":"<p>**Los estudiantes del centro de formaci\u00f3n socialista \u201cJosefa Camejo\u201d del Inces se unieron y decidieron darle una nueva cara a los espacios educativos<\/p>\n","protected":false},"author":4,"featured_media":43836,"comment_status":"closed","ping_status":"closed","sticky":false,"template":"","format":"standard","meta":{"footnotes":""},"categories":[2],"tags":[],"class_list":["post-43835","post","type-post","status-publish","format-standard","has-post-thumbnail","hentry","category-blog"],"_links":{"self":[{"href":"https:\/\/inces.gob.ve\/index.php\/wp-json\/wp\/v2\/posts\/43835","targetHints":{"allow":["GET"]}}],"collection":[{"href":"https:\/\/inces.gob.ve\/index.php\/wp-json\/wp\/v2\/posts"}],"about":[{"href":"https:\/\/inces.gob.ve\/index.php\/wp-json\/wp\/v2\/types\/post"}],"author":[{"embeddable":true,"href":"https:\/\/inces.gob.ve\/index.php\/wp-json\/wp\/v2\/users\/4"}],"replies":[{"embeddable":true,"href":"https:\/\/inces.gob.ve\/index.php\/wp-json\/wp\/v2\/comments?post=43835"}],"version-history":[{"count":1,"href":"https:\/\/inces.gob.ve\/index.php\/wp-json\/wp\/v2\/posts\/43835\/revisions"}],"predecessor-version":[{"id":43837,"href":"https:\/\/inces.gob.ve\/index.php\/wp-json\/wp\/v2\/posts\/43835\/revisions\/43837"}],"wp:featuredmedia":[{"embeddable":true,"href":"https:\/\/inces.gob.ve\/index.php\/wp-json\/wp\/v2\/media\/43836"}],"wp:attachment":[{"href":"https:\/\/inces.gob.ve\/index.php\/wp-json\/wp\/v2\/media?parent=43835"}],"wp:term":[{"taxonomy":"category","embeddable":true,"href":"https:\/\/inces.gob.ve\/index.php\/wp-json\/wp\/v2\/categories?post=43835"},{"taxonomy":"post_tag","embeddable":true,"href":"https:\/\/inces.gob.ve\/index.php\/wp-json\/wp\/v2\/tags?post=43835"}],"curies":[{"name":"wp","href":"https:\/\/api.w.org\/{rel}","templated":true}]}}