{"id":43851,"date":"2022-07-16T17:31:13","date_gmt":"2022-07-16T21:31:13","guid":{"rendered":"https:\/\/inces.gob.ve\/?p=43851"},"modified":"2022-07-20T17:33:13","modified_gmt":"2022-07-20T21:33:13","slug":"yaracuy-inces-continua-procesos-de-cooperacion-interinstitucional","status":"publish","type":"post","link":"https:\/\/inces.gob.ve\/index.php\/2022\/07\/16\/yaracuy-inces-continua-procesos-de-cooperacion-interinstitucional\/","title":{"rendered":"YARACUY | Inces contin\u00faa procesos de cooperaci\u00f3n interinstitucional"},"content":{"rendered":"<p style=\"text-align: justify;\"><span style=\"font-size: 14pt;\"><em>*<strong>* En Yaracuy se buscan alianzas permanentes con instituciones p\u00fablicas y privadas<\/strong><\/em><br \/>\n<strong><!--more--><\/strong><\/span><\/p>\n<p>&nbsp;<\/p>\n<p><strong><span style=\"font-size: 14pt;\">YOLAICE VARGAS<\/span><\/strong><\/p>\n<p style=\"text-align: justify;\"><span style=\"font-size: 14pt;\">En aras de establecer \u00a0lazos de cooperaci\u00f3n interinstitucional entre el Instituto Nacional de Capacitaci\u00f3n y Educaci\u00f3n Socialista (Inces) y las diferentes instituciones p\u00fablicas y privadas que hacen vida en el estado Yaracuy, se llev\u00f3 a cabo reuni\u00f3n entre el personal de talento humano y del programa \u201cLuisa C\u00e1ceres de Arismendi\u201d \u00a0del ente, \u00a0Maigualida M\u00e9ndez y Luis Traviezo respectivamente y la presidenta del Circuito Judicial Penal Yaracuy (CJPY), Isis Pineda.<\/span><\/p>\n<p>&nbsp;<\/p>\n<p style=\"text-align: justify;\"><span style=\"font-size: 14pt;\">En el encuentro entre ambas partes se mencionaron aspectos inherentes al proceso de formaci\u00f3n dirigido al personal que labora en el ente judicial, con el fin \u00fanico de brindarles herramientas a los trabajadores para el mejor desenvolvimiento de sus funciones laborales as\u00ed como para el desarrollo y crecimiento personal de cada participante.<\/span><\/p>\n<p>&nbsp;<\/p>\n<p style=\"text-align: justify;\"><span style=\"font-size: 14pt;\">Asimismo, el personal del Inces Yaracuy \u00a0elev\u00f3 \u00a0la propuesta de establecer convenios que puedan generar mayor beneficio al personal de ambas partes, la misma se espera sea presentada a las m\u00e1ximas autoridades tanto del Inces como del Poder Judicial<\/span><\/p>\n<p>&nbsp;<\/p>\n<p style=\"text-align: justify;\"><span style=\"font-size: 14pt;\">De igual modo otro de los puntos abordados durante la reuni\u00f3n fue el de avanzar con el apoyo al programa \u201cLuisa C\u00e1ceres de Arismendi\u201d (Penitenciario) as\u00ed como al nuevo centro de formaci\u00f3n en materia de atenci\u00f3n a personas en conflicto con la ley penal<\/span><\/p>\n","protected":false},"excerpt":{"rendered":"<p>** En Yaracuy se buscan alianzas permanentes con instituciones p\u00fablicas y privadas<\/p>\n","protected":false},"author":4,"featured_media":43852,"comment_status":"closed","ping_status":"closed","sticky":false,"template":"","format":"standard","meta":{"footnotes":""},"categories":[2],"tags":[],"class_list":["post-43851","post","type-post","status-publish","format-standard","has-post-thumbnail","hentry","category-blog"],"_links":{"self":[{"href":"https:\/\/inces.gob.ve\/index.php\/wp-json\/wp\/v2\/posts\/43851","targetHints":{"allow":["GET"]}}],"collection":[{"href":"https:\/\/inces.gob.ve\/index.php\/wp-json\/wp\/v2\/posts"}],"about":[{"href":"https:\/\/inces.gob.ve\/index.php\/wp-json\/wp\/v2\/types\/post"}],"author":[{"embeddable":true,"href":"https:\/\/inces.gob.ve\/index.php\/wp-json\/wp\/v2\/users\/4"}],"replies":[{"embeddable":true,"href":"https:\/\/inces.gob.ve\/index.php\/wp-json\/wp\/v2\/comments?post=43851"}],"version-history":[{"count":1,"href":"https:\/\/inces.gob.ve\/index.php\/wp-json\/wp\/v2\/posts\/43851\/revisions"}],"predecessor-version":[{"id":43853,"href":"https:\/\/inces.gob.ve\/index.php\/wp-json\/wp\/v2\/posts\/43851\/revisions\/43853"}],"wp:featuredmedia":[{"embeddable":true,"href":"https:\/\/inces.gob.ve\/index.php\/wp-json\/wp\/v2\/media\/43852"}],"wp:attachment":[{"href":"https:\/\/inces.gob.ve\/index.php\/wp-json\/wp\/v2\/media?parent=43851"}],"wp:term":[{"taxonomy":"category","embeddable":true,"href":"https:\/\/inces.gob.ve\/index.php\/wp-json\/wp\/v2\/categories?post=43851"},{"taxonomy":"post_tag","embeddable":true,"href":"https:\/\/inces.gob.ve\/index.php\/wp-json\/wp\/v2\/tags?post=43851"}],"curies":[{"name":"wp","href":"https:\/\/api.w.org\/{rel}","templated":true}]}}