{"id":43865,"date":"2022-07-15T20:46:55","date_gmt":"2022-07-16T00:46:55","guid":{"rendered":"https:\/\/inces.gob.ve\/?p=43865"},"modified":"2022-07-20T20:48:49","modified_gmt":"2022-07-21T00:48:49","slug":"cojedes-aprendices-muestran-sentido-de-pertenencia-en-areas-y-ambiente-de-estudio","status":"publish","type":"post","link":"https:\/\/inces.gob.ve\/index.php\/2022\/07\/15\/cojedes-aprendices-muestran-sentido-de-pertenencia-en-areas-y-ambiente-de-estudio\/","title":{"rendered":"COJEDES | Aprendices muestran sentido de pertenencia en \u00e1reas y ambiente de estudio"},"content":{"rendered":"<p style=\"text-align: justify;\"><em><strong><span style=\"font-size: 14pt;\">** Responsabilidad social y ganas de estudiar enrumba a los j\u00f3venes en el CFS \u201cJos\u00e9 Laurencio Silva\u201d<\/span><\/strong><\/em><!--more--><\/p>\n<p>&nbsp;<\/p>\n<p style=\"text-align: justify;\"><span style=\"font-size: 14pt;\">J\u00f3venes del Programa Nacional de Aprendizaje (PNA) de la ocupaci\u00f3n productiva Manejo de Granjas Integrales, se incorporaron a las jornadas de limpieza y mantenimiento de \u00e1reas verdes, espacios comunes de estudio del Centro de Formaci\u00f3n Socialista \u201cJos\u00e9 Laurencio Silva\u201d.<\/span><\/p>\n<p>&nbsp;<\/p>\n<p style=\"text-align: justify;\"><span style=\"font-size: 14pt;\"> En la actividad tambi\u00e9n participaron los trabajadores de mantenimiento e infraestructura, quienes coordinaron la log\u00edstica de implementos e\u00a0 insumos necesarios para la recuperaci\u00f3n de los espacios.<\/span><\/p>\n<p>&nbsp;<\/p>\n<p style=\"text-align: justify;\"><span style=\"font-size: 14pt;\">La jornada se realiz\u00f3 durante dos d\u00edas continuos de ardua labor. En primer lugar, se busca la adecuaci\u00f3n de las bater\u00edas de ba\u00f1os, limpieza de ornato, \u00e1reas comunes, la ambientaci\u00f3n de los espacios de formaci\u00f3n en donde reciben clase los aprendices y la cancha deportiva.. En segundo lugar, estamos ganando la voluntad de \u00e9ste colectivo de j\u00f3venes aprendices que hacen vida en este centro agr\u00edcola, para que se incorporen en estas actividades para mantener las \u00e1reas en \u00f3ptimas condiciones, indic\u00f3 el trabajador, Jes\u00fas Mena.<\/span><\/p>\n<p>&nbsp;<\/p>\n<p style=\"text-align: justify;\"><span style=\"font-size: 14pt;\">Por su parte, el aprendiz V\u00edctor G\u00f3mez refiri\u00f3: \u201cEstas actividades nos nutren, los j\u00f3venes estamos encaminados en hacer cosas agradables en beneficio de contar con espacios dignos, c\u00f3modos, seguros y limpios.\u00a0 Aqu\u00ed nos estamos formando, es nuestra casa de estudios, por ello debemos colaborar para que se mantengan en el tiempo para el disfrute de otras generaciones\u201d.<\/span><\/p>\n<p>&nbsp;<\/p>\n<p style=\"text-align: justify;\"><span style=\"font-size: 14pt;\">Los j\u00f3venes que participaron en la jornada de mantenimiento y limpieza, se vienen formando en el Programa Nacional de Aprendizaje, a cargo del responsable del Programa Eduar Ortega y en labor en conjunto con la coordinadora del programa agr\u00edcola, Adriana P\u00e9rez y el jefe de Infraestructura Joes G\u00f3mez.<\/span><\/p>\n","protected":false},"excerpt":{"rendered":"<p>** Responsabilidad social y ganas de estudiar enrumba a los j\u00f3venes en el CFS \u201cJos\u00e9 Laurencio Silva\u201d<\/p>\n","protected":false},"author":4,"featured_media":43866,"comment_status":"closed","ping_status":"closed","sticky":false,"template":"","format":"standard","meta":{"footnotes":""},"categories":[2],"tags":[702],"class_list":["post-43865","post","type-post","status-publish","format-standard","has-post-thumbnail","hentry","category-blog","tag-recuperacionde-espacios"],"_links":{"self":[{"href":"https:\/\/inces.gob.ve\/index.php\/wp-json\/wp\/v2\/posts\/43865","targetHints":{"allow":["GET"]}}],"collection":[{"href":"https:\/\/inces.gob.ve\/index.php\/wp-json\/wp\/v2\/posts"}],"about":[{"href":"https:\/\/inces.gob.ve\/index.php\/wp-json\/wp\/v2\/types\/post"}],"author":[{"embeddable":true,"href":"https:\/\/inces.gob.ve\/index.php\/wp-json\/wp\/v2\/users\/4"}],"replies":[{"embeddable":true,"href":"https:\/\/inces.gob.ve\/index.php\/wp-json\/wp\/v2\/comments?post=43865"}],"version-history":[{"count":1,"href":"https:\/\/inces.gob.ve\/index.php\/wp-json\/wp\/v2\/posts\/43865\/revisions"}],"predecessor-version":[{"id":43867,"href":"https:\/\/inces.gob.ve\/index.php\/wp-json\/wp\/v2\/posts\/43865\/revisions\/43867"}],"wp:featuredmedia":[{"embeddable":true,"href":"https:\/\/inces.gob.ve\/index.php\/wp-json\/wp\/v2\/media\/43866"}],"wp:attachment":[{"href":"https:\/\/inces.gob.ve\/index.php\/wp-json\/wp\/v2\/media?parent=43865"}],"wp:term":[{"taxonomy":"category","embeddable":true,"href":"https:\/\/inces.gob.ve\/index.php\/wp-json\/wp\/v2\/categories?post=43865"},{"taxonomy":"post_tag","embeddable":true,"href":"https:\/\/inces.gob.ve\/index.php\/wp-json\/wp\/v2\/tags?post=43865"}],"curies":[{"name":"wp","href":"https:\/\/api.w.org\/{rel}","templated":true}]}}