{"id":43886,"date":"2022-07-16T21:40:32","date_gmt":"2022-07-17T01:40:32","guid":{"rendered":"https:\/\/inces.gob.ve\/?p=43886"},"modified":"2022-07-20T21:42:43","modified_gmt":"2022-07-21T01:42:43","slug":"amazonas-pdval-recibe-formacion-de-atencion-al-publico","status":"publish","type":"post","link":"https:\/\/inces.gob.ve\/index.php\/2022\/07\/16\/amazonas-pdval-recibe-formacion-de-atencion-al-publico\/","title":{"rendered":"AMAZONAS | PDVAL Recibe formaci\u00f3n de atenci\u00f3n al p\u00fablico"},"content":{"rendered":"<p><em><strong><span style=\"font-size: 14pt;\">** La formaci\u00f3n a trabajadores que prestan sus servicios en entidades de trabajo b\u00e1sicas es una prioridad<\/span><\/strong><\/em><br \/>\n<!--more--><\/p>\n<p>&nbsp;<\/p>\n<p><strong><span style=\"font-size: 14pt;\">F\u00c9LIZ RUIZ<\/span><\/strong><\/p>\n<p align=\"justify\"><span style=\"font-size: 14pt;\">Cumpliendo con las siete l\u00edneas de acci\u00f3n estrat\u00e9gicas delpresidente del Inces, Wuikelman Angel la Gerencia Regional de Inces Amazonas contin\u00faa impartiendo curso a las diferentes instituciones del Estado.<\/span><\/p>\n<p align=\"justify\">\n<p align=\"justify\"><span style=\"font-size: 14pt;\">Esta vez a la Productora y Distribuidora Venezolana de Alimentos (PDVAL) con el curso de Atenci\u00f3n al P\u00fablico, en aras de continuar fortaleciendo el conocimientos y la formaci\u00f3n t\u00e9cnica profesional requerida.<\/span><\/p>\n<p align=\"justify\">\n<p align=\"justify\"><span style=\"font-size: 14pt;\">La formaci\u00f3n fue impartida por la maestra t\u00e9cnica profesional (MTP) Yosbenys Aparicio. Cabe mencionar que al momento de las clases los participantes adquieron conocimientos y conocieron t\u00e9cnicas indispensables para atender al p\u00fablico. <\/span><\/p>\n<p align=\"justify\">\n<p align=\"justify\"><span style=\"font-size: 14pt;\">Como m\u00e9todo de aprendizaje los integrantes realizaron una dramatizaci\u00f3n utilizando las reglas adecuadas; c\u00f3mo se debe tratar al p\u00fablico al llegar a la instituci\u00f3n y que no se debe hacer. Entre otras cosas. <\/span><\/p>\n<p align=\"justify\">\n<p align=\"justify\"><span style=\"font-size: 14pt;\">Esto es uno de las tantas formaciones que el Instituto Nacional de Capacitaci\u00f3n y Educaci\u00f3n Socialista (Inces) \u00a0imparte a ese estadal. <\/span><\/p>\n<p align=\"justify\">\n<p align=\"justify\"><span style=\"font-size: 14pt;\">El encuentro fue realizado en las instalaciones de Pdval, ubicado en Puerto Ayacucho, estado Amazonas.<\/span><\/p>\n<p>&nbsp;<\/p>\n","protected":false},"excerpt":{"rendered":"<p>** La formaci\u00f3n a trabajadores que prestan sus servicios en entidades de trabajo b\u00e1sicas es una prioridad<\/p>\n","protected":false},"author":4,"featured_media":43887,"comment_status":"closed","ping_status":"closed","sticky":false,"template":"","format":"standard","meta":{"footnotes":""},"categories":[2],"tags":[],"class_list":["post-43886","post","type-post","status-publish","format-standard","has-post-thumbnail","hentry","category-blog"],"_links":{"self":[{"href":"https:\/\/inces.gob.ve\/index.php\/wp-json\/wp\/v2\/posts\/43886","targetHints":{"allow":["GET"]}}],"collection":[{"href":"https:\/\/inces.gob.ve\/index.php\/wp-json\/wp\/v2\/posts"}],"about":[{"href":"https:\/\/inces.gob.ve\/index.php\/wp-json\/wp\/v2\/types\/post"}],"author":[{"embeddable":true,"href":"https:\/\/inces.gob.ve\/index.php\/wp-json\/wp\/v2\/users\/4"}],"replies":[{"embeddable":true,"href":"https:\/\/inces.gob.ve\/index.php\/wp-json\/wp\/v2\/comments?post=43886"}],"version-history":[{"count":1,"href":"https:\/\/inces.gob.ve\/index.php\/wp-json\/wp\/v2\/posts\/43886\/revisions"}],"predecessor-version":[{"id":43888,"href":"https:\/\/inces.gob.ve\/index.php\/wp-json\/wp\/v2\/posts\/43886\/revisions\/43888"}],"wp:featuredmedia":[{"embeddable":true,"href":"https:\/\/inces.gob.ve\/index.php\/wp-json\/wp\/v2\/media\/43887"}],"wp:attachment":[{"href":"https:\/\/inces.gob.ve\/index.php\/wp-json\/wp\/v2\/media?parent=43886"}],"wp:term":[{"taxonomy":"category","embeddable":true,"href":"https:\/\/inces.gob.ve\/index.php\/wp-json\/wp\/v2\/categories?post=43886"},{"taxonomy":"post_tag","embeddable":true,"href":"https:\/\/inces.gob.ve\/index.php\/wp-json\/wp\/v2\/tags?post=43886"}],"curies":[{"name":"wp","href":"https:\/\/api.w.org\/{rel}","templated":true}]}}