{"id":43940,"date":"2022-07-22T20:09:39","date_gmt":"2022-07-23T00:09:39","guid":{"rendered":"https:\/\/inces.gob.ve\/?p=43940"},"modified":"2022-07-23T20:10:32","modified_gmt":"2022-07-24T00:10:32","slug":"distrito-capital-trabajadoras-de-la-maternidad-concepcion-palacios-se-forman-en-el-area-textil","status":"publish","type":"post","link":"https:\/\/inces.gob.ve\/index.php\/2022\/07\/22\/distrito-capital-trabajadoras-de-la-maternidad-concepcion-palacios-se-forman-en-el-area-textil\/","title":{"rendered":"DISTRITO CAPITAL | Trabajadoras de la Maternidad Concepci\u00f3n Palacios se forman en el \u00e1rea textil"},"content":{"rendered":"<p style=\"text-align: justify;\"><em><strong><span style=\"font-size: 14pt;\">** El Inces busca formar a la gente que hace vida en su punto y c\u00edrculo<\/span><\/strong><\/em><!--more--><\/p>\n<p style=\"text-align: justify;\">\n<p style=\"text-align: justify;\"><span style=\"font-size: 14pt;\">El centro de formaci\u00f3n socialista \u00abLuis Beltr\u00e1n Prieto Figueroa\u00bb, en su \u00e1rea industrial, dio inicio a la formaci\u00f3n de 20 trabajadoras de la Maternidad Concepci\u00f3n Palacios en el \u00e1rea textil.<\/span><\/p>\n<p>&nbsp;<\/p>\n<p style=\"text-align: justify;\"><span style=\"font-size: 14pt;\">El curso tiene como prop\u00f3sito dar a conocer a los participantes todo lo relacionado con la industria textil, corte y costura, elaboraci\u00f3n de patrones, tipos de costura, tipos de m\u00e1quinas en general.<\/span><\/p>\n<p>&nbsp;<\/p>\n<p style=\"text-align: justify;\"><span style=\"font-size: 14pt;\">\u00abEl prop\u00f3sito de esta formaci\u00f3n es dar a los participantes un conocimiento amplio sobre el tema y que a futuro puedan iniciar su propio emprendimiento\u00bb, expres\u00f3 nuestra la maestra t\u00e9cnica profesional Blanca Garc\u00eda.<\/span><\/p>\n<p>&nbsp;<\/p>\n<p style=\"text-align: justify;\"><span style=\"font-size: 14pt;\">Los espacios que toman el protagonismo est\u00e1n ubicados en el piso 3 del CFS \u00abLuis Beltr\u00e1n Prieto Figueroa\u00bb, ubicado en la avenida San Mart\u00edn.<\/span><\/p>\n","protected":false},"excerpt":{"rendered":"<p>** El Inces busca formar a la gente que hace vida en su punto y c\u00edrculo<\/p>\n","protected":false},"author":4,"featured_media":43941,"comment_status":"closed","ping_status":"closed","sticky":false,"template":"","format":"standard","meta":{"footnotes":""},"categories":[2],"tags":[],"class_list":["post-43940","post","type-post","status-publish","format-standard","has-post-thumbnail","hentry","category-blog"],"_links":{"self":[{"href":"https:\/\/inces.gob.ve\/index.php\/wp-json\/wp\/v2\/posts\/43940","targetHints":{"allow":["GET"]}}],"collection":[{"href":"https:\/\/inces.gob.ve\/index.php\/wp-json\/wp\/v2\/posts"}],"about":[{"href":"https:\/\/inces.gob.ve\/index.php\/wp-json\/wp\/v2\/types\/post"}],"author":[{"embeddable":true,"href":"https:\/\/inces.gob.ve\/index.php\/wp-json\/wp\/v2\/users\/4"}],"replies":[{"embeddable":true,"href":"https:\/\/inces.gob.ve\/index.php\/wp-json\/wp\/v2\/comments?post=43940"}],"version-history":[{"count":1,"href":"https:\/\/inces.gob.ve\/index.php\/wp-json\/wp\/v2\/posts\/43940\/revisions"}],"predecessor-version":[{"id":43942,"href":"https:\/\/inces.gob.ve\/index.php\/wp-json\/wp\/v2\/posts\/43940\/revisions\/43942"}],"wp:featuredmedia":[{"embeddable":true,"href":"https:\/\/inces.gob.ve\/index.php\/wp-json\/wp\/v2\/media\/43941"}],"wp:attachment":[{"href":"https:\/\/inces.gob.ve\/index.php\/wp-json\/wp\/v2\/media?parent=43940"}],"wp:term":[{"taxonomy":"category","embeddable":true,"href":"https:\/\/inces.gob.ve\/index.php\/wp-json\/wp\/v2\/categories?post=43940"},{"taxonomy":"post_tag","embeddable":true,"href":"https:\/\/inces.gob.ve\/index.php\/wp-json\/wp\/v2\/tags?post=43940"}],"curies":[{"name":"wp","href":"https:\/\/api.w.org\/{rel}","templated":true}]}}