{"id":43971,"date":"2022-07-25T00:30:16","date_gmt":"2022-07-25T04:30:16","guid":{"rendered":"https:\/\/inces.gob.ve\/?p=43971"},"modified":"2022-07-24T20:35:49","modified_gmt":"2022-07-25T00:35:49","slug":"yaracuy-nuevo-proyecto-formativo-del-inces-permitira-especializacion-de-profesionales","status":"publish","type":"post","link":"https:\/\/inces.gob.ve\/index.php\/2022\/07\/25\/yaracuy-nuevo-proyecto-formativo-del-inces-permitira-especializacion-de-profesionales\/","title":{"rendered":"YARACUY | Nuevo proyecto formativo del Inces permitir\u00e1 especializaci\u00f3n de profesionales"},"content":{"rendered":"<p><em><strong><span style=\"font-size: 14pt;\">** El Inces trabaja en la creaci\u00f3n de nuevas formaciones que se adapten a las necesidades reales del aparato productivo nacional<\/span><\/strong><\/em><br \/>\n<!--more--><\/p>\n<p>&nbsp;<\/p>\n<p align=\"justify\"><strong><span style=\"font-size: 14pt;\">YOLAICE VARGAS <\/span><\/strong><\/p>\n<p align=\"justify\"><span style=\"font-size: 14pt;\">Con el fin \u00fanico de crear un Proyecto de Formaci\u00f3n y Autoformaci\u00f3n Productivo en el \u00e1mbito de derechos humanos y el debido proceso, representantes del Instituto Nacional de Capacitaci\u00f3n y Educaci\u00f3n Socialista (Inces), en Yaracuy, instalaron mesa de trabajo en conjunto con representantes de los diferentes organismos de seguridad del estado, Ministerio del Poder Popular para el Proceso Social del Trabajo, Consejo Municipal de Ni\u00f1os, Ni\u00f1as y Adolescentes, Circuito Judicial Penal y la Universidad Nacional Experimental de la Seguridad. <\/span><\/p>\n<p align=\"justify\">\n<p align=\"justify\"><span style=\"font-size: 14pt;\">La actividad se desarroll\u00f3 en las instalaciones de la gerencia regional del Inces, en donde las partes involucradas, abordaron puntos tales como: la metodolog\u00eda implementada por el ente anfitri\u00f3n, as\u00ed mismo, se acord\u00f3 un plan para abordar los temas centrales; derechos humanos y el debido proceso avanzando de esa manera al dise\u00f1o de la unidad curricular, as\u00ed lo expres\u00f3 el representante de la Unidad de Curr\u00edculo Did\u00e1ctica del Inces, Andr\u00e9s Brandt.<\/span><\/p>\n<p align=\"justify\">\n<p align=\"justify\"><span style=\"font-size: 14pt;\">Luego de un arduo trabajo que dur\u00f3 la ma\u00f1ana y parte de la tarde, se estableci\u00f3 realizar un registro para sistematizar todos los aportes dados durante la mesa de trabajo, por cada uno de los responsables de las instituciones presentes y posterior a ello una pr\u00f3xima reuni\u00f3n que se efectuar\u00e1 el mi\u00e9rcoles 27 del mes en curso. <\/span><\/p>\n<p align=\"justify\">\n<p align=\"justify\"><span style=\"font-size: 14pt;\">Por su parte el coordinador de la secci\u00f3n penal de responsabilidad del adolescente del circuito judicial penal de Yaracuy, Darwin Camargo, se\u00f1al\u00f3 que en el marco de lo que fue el proceso de construcci\u00f3n del conocimiento, los aportes que brindar\u00e1 esta nueva unidad curricular al poder judicial en materia de derechos humanos y el debido proceso, ser\u00e1 de mucho provecho puesto que todos quienes son operadores de justicia deben tener conocimientos en relaci\u00f3n a lo que son los derechos humanos tanto de los adultos como de los ni\u00f1os ni\u00f1as y adolescentes y tutela judicial efectiva.<\/span><\/p>\n<p align=\"justify\">\n<p align=\"justify\"><span style=\"font-size: 14pt;\">Asimismo la detective agregada, del Cuerpo de Investigaciones Cient\u00edficas Penales y Criminal\u00edstica (CICPC), Delegaci\u00f3n municipal San Felipe, Roxana Mart\u00ednez, \u00a0manifest\u00f3 que desde su perspectiva el proyecto se vislumbra con gran expectativa, ya que los j\u00f3venes que aspiran ingresar a las filas del ente que representa, contar\u00e1n con una mayor preparaci\u00f3n en cuanto a lo relacionado con los derechos humanos y derechos fundamentales para el debido proceso, lo que les permitir\u00e1 el mejor desenvolvimiento de sus funciones como detectives.<\/span><\/p>\n","protected":false},"excerpt":{"rendered":"<p>** El Inces trabaja en la creaci\u00f3n de nuevas formaciones que se adapten a las necesidades reales del aparato productivo nacional<\/p>\n","protected":false},"author":4,"featured_media":43972,"comment_status":"closed","ping_status":"closed","sticky":false,"template":"","format":"standard","meta":{"footnotes":""},"categories":[2],"tags":[],"class_list":["post-43971","post","type-post","status-publish","format-standard","has-post-thumbnail","hentry","category-blog"],"_links":{"self":[{"href":"https:\/\/inces.gob.ve\/index.php\/wp-json\/wp\/v2\/posts\/43971","targetHints":{"allow":["GET"]}}],"collection":[{"href":"https:\/\/inces.gob.ve\/index.php\/wp-json\/wp\/v2\/posts"}],"about":[{"href":"https:\/\/inces.gob.ve\/index.php\/wp-json\/wp\/v2\/types\/post"}],"author":[{"embeddable":true,"href":"https:\/\/inces.gob.ve\/index.php\/wp-json\/wp\/v2\/users\/4"}],"replies":[{"embeddable":true,"href":"https:\/\/inces.gob.ve\/index.php\/wp-json\/wp\/v2\/comments?post=43971"}],"version-history":[{"count":1,"href":"https:\/\/inces.gob.ve\/index.php\/wp-json\/wp\/v2\/posts\/43971\/revisions"}],"predecessor-version":[{"id":43973,"href":"https:\/\/inces.gob.ve\/index.php\/wp-json\/wp\/v2\/posts\/43971\/revisions\/43973"}],"wp:featuredmedia":[{"embeddable":true,"href":"https:\/\/inces.gob.ve\/index.php\/wp-json\/wp\/v2\/media\/43972"}],"wp:attachment":[{"href":"https:\/\/inces.gob.ve\/index.php\/wp-json\/wp\/v2\/media?parent=43971"}],"wp:term":[{"taxonomy":"category","embeddable":true,"href":"https:\/\/inces.gob.ve\/index.php\/wp-json\/wp\/v2\/categories?post=43971"},{"taxonomy":"post_tag","embeddable":true,"href":"https:\/\/inces.gob.ve\/index.php\/wp-json\/wp\/v2\/tags?post=43971"}],"curies":[{"name":"wp","href":"https:\/\/api.w.org\/{rel}","templated":true}]}}